{"id":354,"date":"2025-07-04T14:01:10","date_gmt":"2025-07-04T14:01:10","guid":{"rendered":"https:\/\/albn.travelblox.eu\/?p=354"},"modified":"2025-12-17T10:31:07","modified_gmt":"2025-12-17T10:31:07","slug":"wanneer-naar-albanie-beste-reistijd-gids","status":"publish","type":"post","link":"https:\/\/albn.travelblox.eu\/nl\/wanneer-naar-albanie-beste-reistijd-gids\/","title":{"rendered":"Wanneer naar Albani\u00eb? Klimaat, weer en temperaturen"},"content":{"rendered":"<div class=\"tb-wysiwyg tb-block align-left background-light pattern-none variant-none tb-collapsible-margins\" id=\"wysiwyg\">\n    <div class=\"inner-block\">\n        <div class=\"tb-wysiwyg__inner tb-wysiwyg__inner--highlight\">\n            <div class=\"inner-block\">\n                                    <!-- <div class=\"icon\">\n                    <img decoding=\"async\" src=\"\/var\/www\/prod\/public_html\/wp-content\/plugins\/tbx-plugin\/blox\/wysiwyg\/..\/..\/images\/wave-1.php \" alt=\"Lamp icon\"\/>\n                <\/div> -->\n                    <div class=\"icon\">\n                        <i class=\"fa-kit fa-tb-lightbulb\"><\/i>\n                    <\/div>\n                                <div class=\"text-part wysiwyg\">\n                                            <h4>Tips van ons team<\/h4>                                        \t\t<div class=\"translation-block\"><ul><li><strong>Ideale periode:<\/strong> Juli - augustus voor de complete ervaring van zee en bergen.<\/li><li><strong>Klimaat:<\/strong> Mediterraan aan de kust, bergachtig in de Albanese Alpen.<\/li><li><strong>Activiteiten:<\/strong> Strand (juni - september), wandelen (juli - augustus), cultuur (het hele jaar door)<\/li><li><strong>Budget:<\/strong> Duurder in de zomer, maar wel de beste ervaring\/prijsverhouding en alles is open.<\/li><li><strong>Praktisch:<\/strong> Vroeg boeken in het hoogseizoen, flexibiliteit vereist voor andere periodes.<\/li><\/ul><\/div>\n\t                <\/div>\n            <\/div>\n        <\/div>\n    <\/div>\n<\/div>\n\n\n<div class=\"tb-image tb-block align-none background-light pattern-none variant-none\" id=\"image\">\n\t<figure>\n\t\t\t\t<img src='https:\/\/albn.travelblox.eu\/wp-content\/uploads\/sites\/115\/2025\/07\/DSC06815-3-scaled.webp' width='2560' height='1851' loading='lazy'>\t\t\t\t\t<\/figure>\n<\/div>\n\n\n<div class=\"tb-cta-banner tb-block align-left background-light pattern-none variant-none tb-collapsible-margins\" id=\"cta-banner\">\n    <div class=\"inner-block\">\n        <a href=\"https:\/\/albanianomads.com\/nl\/\" class=\"tb-cta-banner__link\" target=\"_blank\" title=\"\">\n            <div class=\"icon\"><i class=\"fa-solid fa-arrow-right\"><\/i><\/div>\n            <div class=\"text-part\">\n                                    <strong>Ontdek Albania Nomads:<\/strong>\n                                                    <span>Een roadtrip van 7 dagen met daktent in Albani\u00eb<\/span>\n                            <\/div>\n        <\/a>\n    <\/div>\n<\/div>\n\n\n<div class=\"tb-wysiwyg tb-block align-left background-light pattern-none variant-none tb-collapsible-margins\" id=\"wysiwyg-1\">\n    <div class=\"inner-block\">\n        <div class=\"tb-wysiwyg__inner\">\n            <div class=\"inner-block\">\n                                <div class=\"text-part wysiwyg\">\n                                            <h2>Wanneer naar Albani\u00eb? Complete gids voor seizoenen, budget en activiteiten<\/h2>                                                                \t\t<div class=\"translation-block\"><p>Plan je een vakantie in Albani\u00eb maar <strong>twijfel je over de beste periode?<\/strong> Geen zorgen! De timing kan je verblijf omtoveren van een simpel bezoek in een buitengewoon avontuur - en wij zijn er om jou daarbij te helpen.<\/p><p>Albani\u00eb onthult zijn mooiste troeven tijdens <strong>de zomer<\/strong>, wanneer het hele land tot leven komt en elke regio zijn unieke persoonlijkheid laat zien. Stel je voor dat je 's ochtends kristalheldere stranden ontdekt en 's middags naar besneeuwde bergtoppen kijkt onder een genereuze zon die de Albanese landschappen 14 uur per dag verlicht...<\/p><p><strong>Hier is alles wat je moet weten om het perfecte moment voor je vakantie in Albani\u00eb te kiezen.<\/strong><\/p><\/div>\n\t                <\/div>\n            <\/div>\n        <\/div>\n    <\/div>\n<\/div>\n\n\n<div class=\"tb-wysiwyg tb-block align-left background-light pattern-none variant-none tb-collapsible-margins\" id=\"wysiwyg-2\">\n    <div class=\"inner-block\">\n        <div class=\"tb-wysiwyg__inner\">\n            <div class=\"inner-block\">\n                                <div class=\"text-part wysiwyg\">\n                                            <h2>Het klimaat in Albani\u00eb: 3 verschillende zones<\/h2>                        <h3>De Adriatische en Ionische kust<\/h3>                                        \t\t<div class=\"translation-block\"><p>De Albanese kust leeft volgens het <strong>mediterrane ritme.<\/strong> Heerlijke warme en droge zomers (25-30\u00b0C) en milde maar regenachtige winters (10-15\u00b0C). Het ideale seizoen voor een rondreis in Albani\u00eb loopt van juni tot september, met een piek van perfectie in juli en augustus.<\/p><p>De <strong>Albaanse Riviera<\/strong> (van Vlor\u00eb tot Saranda) heeft het meest gunstige klimaat met iets hogere temperaturen dan de rest van de kust. <strong>Saranda<\/strong> in het zuiden profiteert het hele jaar door van een bijzonder milde microklimaat.<\/p><\/div>\n\t                <\/div>\n            <\/div>\n        <\/div>\n    <\/div>\n<\/div>\n\n\n<div class=\"tb-wysiwyg tb-block align-left background-light pattern-none variant-none tb-collapsible-margins\" id=\"wysiwyg-3\">\n    <div class=\"inner-block\">\n        <div class=\"tb-wysiwyg__inner\">\n            <div class=\"inner-block\">\n                                <div class=\"text-part wysiwyg\">\n                                                                    <h3>De Albanese Alpen<\/h3>                                        \t\t<div class=\"translation-block\"><p>Koele en aangename zomers (15-25\u00b0C), strenge winters met veel sneeuw in het Noorden. Het wandelseizoen is uitsluitend in juli en augustus wanneer alle paden vrij zijn. De Albanese Alpen hebben <strong>hun eigen klimaat<\/strong> met overvloedige neerslag en frisse temperaturen, zelfs in de zomer. Diversiteit alom dus in deze regio, en dat is net wat een rondreis door Albani\u00eb zo bijzonder maakt.<\/p><\/div>\n\t                <\/div>\n            <\/div>\n        <\/div>\n    <\/div>\n<\/div>\n\n\n<div class=\"tb-wysiwyg tb-block align-left background-light pattern-none variant-none tb-collapsible-margins\" id=\"wysiwyg-4\">\n    <div class=\"inner-block\">\n        <div class=\"tb-wysiwyg__inner\">\n            <div class=\"inner-block\">\n                                <div class=\"text-part wysiwyg\">\n                                                                    <h3>De centrale regio<\/h3>                                        \t\t<div class=\"translation-block\"><p><strong>In Tirana<\/strong> en de omliggende gebieden ervaar je <strong>continentale contrasten.<\/strong> Heerlijke zomers (28-33\u00b0C) en soms strenge winters (0-10\u00b0C). Als je deze regio wil bezoeken, wees dan voorbereid op elk type weer. Vooral als je naar <strong>Shkodra<\/strong> in het noorden gaat. Daar zijn de temperatuurverschillen tussen de seizoen nog een pak groter.<\/p><\/div>\n\t                <\/div>\n            <\/div>\n        <\/div>\n    <\/div>\n<\/div>\n\n\n<div class=\"tb-simple-gallery tb-block align-center background-light pattern-none variant-2-vertical-1-horizontal tb-collapsible-margins\" id=\"simple-gallery\">\n\t\t\t<div class=\"tb-simple-gallery__images\">\n\t\t\t\t\t\t\t\t\t\t\t\t\t\t\t\t\t\t\t\t\t\t<div class=\"tb-simple-gallery__image tb-simple-gallery__image--vertical\">\n\t\t\t\t\t\t<div class=\"tb-image-part\">\n\t\t\t\t\t\t\t<figure>\n\t\t\t\t\t\t\t\t<img src='https:\/\/albn.travelblox.eu\/wp-content\/uploads\/sites\/115\/2025\/03\/DJI_0158-scaled-e1773071117143.jpg' width='1190' height='860' alt='Riviera Albanees' loading='lazy'>\t\t\t\t\t\t\t\t\t\t\t\t\t\t\t<\/figure>\n\t\t\t\t\t\t<\/div>\n\t\t\t\t\t<\/div>\n\t\t\t\t\t\t\t\t\t\t\t\t\t\t\t\t\t\t\t<div class=\"tb-simple-gallery__image tb-simple-gallery__image--vertical\">\n\t\t\t\t\t\t<div class=\"tb-image-part\">\n\t\t\t\t\t\t\t<figure>\n\t\t\t\t\t\t\t\t<img src='https:\/\/albn.travelblox.eu\/wp-content\/uploads\/sites\/115\/2024\/11\/TBN22_RoyMosterd_WR_P8174388-scaled.jpg' width='2560' height='1920' loading='lazy'>\t\t\t\t\t\t\t\t\t\t\t\t\t\t\t<\/figure>\n\t\t\t\t\t\t<\/div>\n\t\t\t\t\t<\/div>\n\t\t\t\t\t\t\t\t\t\t\t\t<\/div>\n\t<\/div>\n\n\n<div class=\"tb-cta-banner tb-block align-left background-light pattern-none variant-none tb-collapsible-margins\" id=\"cta-banner-1\">\n    <div class=\"inner-block\">\n        <a href=\"http:\/\/albanianomads.com\/nl\/\" class=\"tb-cta-banner__link\" target=\"_blank\" title=\"\">\n            <div class=\"icon\"><i class=\"fa-solid fa-arrow-right\"><\/i><\/div>\n            <div class=\"text-part\">\n                                    <strong>Ondek de route van Albania Nomads<\/strong>\n                                                    <span>Een complete 7-daagse rondreis door Albani\u00eb tussen stranden, bergen en traditionele dorpen.<\/span>\n                            <\/div>\n        <\/a>\n    <\/div>\n<\/div>\n\n\n<div class=\"tb-wysiwyg tb-block align-left background-light pattern-none variant-none tb-collapsible-margins\" id=\"wysiwyg-5\">\n    <div class=\"inner-block\">\n        <div class=\"tb-wysiwyg__inner\">\n            <div class=\"inner-block\">\n                                <div class=\"text-part wysiwyg\">\n                                            <h2>Zomer in Albani\u00eb (juli-augustus): de ideale periode voor een rondreis<\/h2>                        <h3>Zon, zon, zon<\/h3>                                        \t\t<div class=\"translation-block\"><p><strong>De Albanese zomer staat garant voor een geslaagde vakantie.<\/strong> Met meer dan 300 dagen zon per jaar aan de kust geniet je hier van prachtig en stabiel weer. De temperaturen schommelen tussen <strong>25-30\u00b0C,<\/strong> perfect voor alle activiteiten.<\/p><p>Tijdens deze periode komt het land helemaal tot leven. De festivals zijn in volle gang, de restaurants openen hun terrassen en de toeristische attracties draaien op volle toeren. Je ervaart Albani\u00eb in al zijn <strong>zomerse authenticiteit.<\/strong><\/p><\/div>\n\t                <\/div>\n            <\/div>\n        <\/div>\n    <\/div>\n<\/div>\n\n\n<div class=\"tb-wysiwyg tb-block align-left background-light pattern-none variant-none tb-collapsible-margins\" id=\"wysiwyg-6\">\n    <div class=\"inner-block\">\n        <div class=\"tb-wysiwyg__inner\">\n            <div class=\"inner-block\">\n                                <div class=\"text-part wysiwyg\">\n                                                                    <h3>Waarom de zomer de beste periode is<\/h3>                                        \t\t<div class=\"translation-block\"><p><strong>Juli - augustus<\/strong> is de periode waarin Albani\u00eb volledig tot leven komt \u00e9n - belangrijk voor de praktische kant - toegankelijk is. Alle berghutten openen hun deuren, de secundaire wegen zijn begaanbaar en de boten naar de geheime stranden varen dagelijks.<\/p><p><strong>De Ionische Zee bereikt bovendien zijn ideale temperatuur van 26\u00b0C.<\/strong> De avonden blijven aangenaam warm tot laat waardoor je volop kan genieten van wat Albani\u00eb te bieden heeft.<\/p><p><i>Het is tijdens dit magische seizoen dat<\/i><a href=\"http:\/\/albanianomads.com\/nl\/\">onze roadtrip Albania Nomads<\/a><i>al zijn geheimen onthult. Stel je voor dat je om 20:30 uur vanuit je daktent naar de zonsondergang kijkt, terwijl de herders hun kuddes in het gouden avondlicht naar beneden leiden...<\/i><\/p><\/div>\n\t                <\/div>\n            <\/div>\n        <\/div>\n    <\/div>\n<\/div>\n\n\n<div class=\"tb-wysiwyg tb-block align-left background-light pattern-none variant-none tb-collapsible-margins\" id=\"wysiwyg-7\">\n    <div class=\"inner-block\">\n        <div class=\"tb-wysiwyg__inner\">\n            <div class=\"inner-block\">\n                                <div class=\"text-part wysiwyg\">\n                                                                    <h3>Het voordeel van de zomerdrukte<\/h3>                                        \t\t<div class=\"translation-block\"><p>In tegenstelling tot wat vaak gedacht wordt, maakt de zomerdrukte in Albani\u00eb het net mogelijk om het <strong>land in zijn authenticiteit te ontdekken.<\/strong> Festivals, markten en terrasavonden maken een integraal onderdeel uit van de Albanese ervaring in de zomer.<\/p><\/div>\n\t                <\/div>\n            <\/div>\n        <\/div>\n    <\/div>\n<\/div>\n\n\n<div class=\"tb-simple-gallery tb-block align-center background-light pattern-none variant-2-vertical-1-horizontal tb-collapsible-margins\" id=\"simple-gallery-1\">\n\t\t\t<div class=\"tb-simple-gallery__images\">\n\t\t\t\t\t\t\t\t\t\t\t\t\t\t\t\t\t\t\t\t\t\t<div class=\"tb-simple-gallery__image tb-simple-gallery__image--vertical\">\n\t\t\t\t\t\t<div class=\"tb-image-part\">\n\t\t\t\t\t\t\t<figure>\n\t\t\t\t\t\t\t\t<img src='https:\/\/albn.travelblox.eu\/wp-content\/uploads\/sites\/115\/2024\/11\/ALBN25_DAY4-scaled.jpg' width='1920' height='2560' alt='Water Bergen Vrouwen' loading='lazy'>\t\t\t\t\t\t\t\t\t\t\t\t\t\t\t<\/figure>\n\t\t\t\t\t\t<\/div>\n\t\t\t\t\t<\/div>\n\t\t\t\t\t\t\t\t\t\t\t\t\t\t\t\t\t\t\t<div class=\"tb-simple-gallery__image tb-simple-gallery__image--vertical\">\n\t\t\t\t\t\t<div class=\"tb-image-part\">\n\t\t\t\t\t\t\t<figure>\n\t\t\t\t\t\t\t\t<img src='https:\/\/albn.travelblox.eu\/wp-content\/uploads\/sites\/115\/2024\/11\/ALBANIA2-scaled.jpg' width='2560' height='1920' alt='Water Jump Albani\u00eb' loading='lazy'>\t\t\t\t\t\t\t\t\t\t\t\t\t\t\t<\/figure>\n\t\t\t\t\t\t<\/div>\n\t\t\t\t\t<\/div>\n\t\t\t\t\t\t\t\t\t\t\t\t<\/div>\n\t<\/div>\n\n\n<div class=\"tb-wysiwyg tb-block align-left background-light pattern-none variant-none tb-collapsible-margins\" id=\"wysiwyg-8\">\n    <div class=\"inner-block\">\n        <div class=\"tb-wysiwyg__inner\">\n            <div class=\"inner-block\">\n                                <div class=\"text-part wysiwyg\">\n                                            <h2>Lente in Albani\u00eb (april-juni): de natuur ontwaakt<\/h2>                        <h3>De natuur in al haar glorie<\/h3>                                        \t\t<div class=\"translation-block\"><p>De lente in Albani\u00eb staat garant voor adembenemende landschappen. De bergen zitten onder een sluier van wilde bloemen, de watervallen zwellen aan door de smeltende sneeuw en de weides barsten van de felle kleuren.<\/p><p><strong>Juni<\/strong> verdient een speciale vermelding in deze gids vanwege de perfecte balans tussen aangename warmte (20-25\u00b0C) en een redelijke drukte. De zee bereikt 22\u00b0C, ideaal voor de eerste zwemsessies.<\/p><p><strong>De logistieke uitdagingen van de lente<\/strong><\/p><p>Let op: deze periode heeft een paar <strong>belangrijke beperkingen<\/strong>. Veel accommodaties, restaurants en toeristische diensten blijven namelijk gesloten tot juni. <strong>De toeristische infrastructuur draait op een laag pitje.<\/strong><\/p><p>Bovendien zijn de <strong>bergwegen<\/strong> vaak onbegaanbaar tot mei. De <strong>berghutten<\/strong> in de Albanese Alpen openen pas later en de wandelmogelijkheden zijn beperkt. Het <strong>weer<\/strong> kan grillig zijn. Houd rekening met frequente buien.<\/p><\/div>\n\t                <\/div>\n            <\/div>\n        <\/div>\n    <\/div>\n<\/div>\n\n\n<div class=\"tb-wysiwyg tb-block align-left background-light pattern-none variant-none tb-collapsible-margins\" id=\"wysiwyg-9\">\n    <div class=\"inner-block\">\n        <div class=\"tb-wysiwyg__inner\">\n            <div class=\"inner-block\">\n                                <div class=\"text-part wysiwyg\">\n                                            <h2>Herfst in Albani\u00eb (september-oktober): einde van het seizoen<\/h2>                        <h3>De mooie nasleep van de zomer<\/h3>                                        \t\t<div class=\"translation-block\"><p>De Albanese herfst heeft nog steeds mooie troeven met <strong>prettige temperaturen<\/strong> rond de 20-25\u00b0C en de landschappen die prachtige <strong>herfstkleuren krijgen,<\/strong> vooral in de bergen.<\/p><p><strong>September<\/strong> is nog steeds geweldig om op vakantie naar Albani\u00eb te gaan. De zee is nog warm (24\u00b0C) en de stranden lopen geleidelijk aan leeg. De ideale periode voor wie aan de toeristenmassa wil ontsnappen.&nbsp;<\/p><p><strong>Geleidelijke sluiting van diensten<\/strong><\/p><p><strong>Maar let op<\/strong>, want vanaf oktober beginnen toeristische diensten - denk maar aan hotels en restaurants - geleidelijk aan hun deuren te sluiten. Ook heel wat <strong>buitenactiviteiten<\/strong> stoppen in deze periode. De <strong>zee koelt af<\/strong> (20\u00b0C in oktober) en de <strong>dagen worden snel korter<\/strong>.&nbsp;<\/p><\/div>\n\t                <\/div>\n            <\/div>\n        <\/div>\n    <\/div>\n<\/div>\n\n\n<div class=\"tb-image tb-block align-none background-light pattern-none variant-none\" id=\"image-1\">\n\t<figure>\n\t\t\t\t<img src='https:\/\/albn.travelblox.eu\/wp-content\/uploads\/sites\/115\/2024\/11\/ALBN_GALLERY_4-scaled.jpg' width='2560' height='1920' alt='Road Albania Nomads Nature Car Sky' loading='lazy'>\t\t\t\t\t<\/figure>\n<\/div>\n\n\n<div class=\"tb-wysiwyg tb-block align-left background-light pattern-none variant-none tb-collapsible-margins\" id=\"wysiwyg-10\">\n    <div class=\"inner-block\">\n        <div class=\"tb-wysiwyg__inner\">\n            <div class=\"inner-block\">\n                                <div class=\"text-part wysiwyg\">\n                                            <h2>Winter in Albani\u00eb (november-maart): rustige periode<\/h2>                        <h3>Pauze in de toeristische activiteiten<\/h3>                                        \t\t<div class=\"translation-block\"><p>Tijdens de winter in Albani\u00eb dalen de temperaturen (5-15\u00b0C) en regent het een pak meer, vooral aan de kust. De meeste <strong>toeristische infrastructuren<\/strong> sluiten hun deuren. Hotels en restaurants gaan in winterslaap. Dat maakt het organiseren van een rondreis in Albani\u00eb sowieso een stuk complexer.&nbsp;<\/p><p><strong>Grootste uitdagingen in de winter&nbsp;<\/strong><\/p><p>De <strong>bergwegen<\/strong> worden onbegaanbaar bij de eerste sneeuwval. O<strong>penbaar vervoer<\/strong> vermindert drastisch qua frequente en de <strong>accommodatie-aanbiedingen<\/strong> zijn beperkt tot de grote steden. Alleen de meest avontuurlijke reizigers wagen zich aan een winterreis in Albani\u00eb, om uiteindelijk vaak teleurgesteld terug te keren door sluitingen en de moeilijke weersomstandigheden. We raden het af om tijdens de winter naar Albani\u00eb te reizen.&nbsp;<\/p><\/div>\n\t                <\/div>\n            <\/div>\n        <\/div>\n    <\/div>\n<\/div>\n\n\n<div class=\"tb-image tb-block align-none background-light pattern-none variant-none\" id=\"image-2\">\n\t<figure>\n\t\t\t\t<img src='https:\/\/albn.travelblox.eu\/wp-content\/uploads\/sites\/115\/2025\/03\/DSC_0191-scaled.jpg' width='2560' height='1714' loading='lazy'>\t\t\t\t\t<\/figure>\n<\/div>\n\n\n<div class=\"tb-wysiwyg tb-block align-left background-light pattern-none variant-none tb-collapsible-margins\" id=\"wysiwyg-11\">\n    <div class=\"inner-block\">\n        <div class=\"tb-wysiwyg__inner\">\n            <div class=\"inner-block\">\n                                <div class=\"text-part wysiwyg\">\n                                            <h2>Wat te doen in Albani\u00eb per seizoen<\/h2>                        <h3>Zomerse activiteiten: juni tot september<\/h3>                                        \t\t<div class=\"translation-block\"><p>De Albanese kust toont zijn maximale potentieel van <strong>juni tot september.<\/strong> Het water bereikt zijn optimale temperatuur (24-26\u00b0C), alle stranden zijn toegankelijk, strandclubs zijn geopend en watersporten zijn beschikbaar.<\/p><p>Buiten deze periode blijft de strandervaring beperkt met koud water en gesloten diensten.<\/p><p><strong>Bergwandelen: exclusief juli-augustus<\/strong><\/p><p>De Albanese Alpen openen pas volledig in <strong>juli-augustus.<\/strong> Dit is de enige periode waarin alle paden begaanbaar zijn, de berghutten open zijn en de weersomstandigheden optimaal.<\/p><p>De andere seizoenen brengen aanzienlijke risico's met zich mee: sneeuw, modderige paden, gesloten hutten en onvoorspelbaar weer.<\/p><p><strong>Culturele ontdekking: het hele seizoen<\/strong><\/p><p><strong>De zomer<\/strong> blijft onze favoriete periode om het Albanese erfgoed te ontdekken. Alle locaties zijn toegankelijk, de musea zijn wijd geopend en festivals brengen leven in de historische steden.<\/p><\/div>\n\t                <\/div>\n            <\/div>\n        <\/div>\n    <\/div>\n<\/div>\n\n\n<div class=\"tb-cta-banner tb-block align-left background-light pattern-none variant-none tb-collapsible-margins\" id=\"cta-banner-2\">\n    <div class=\"inner-block\">\n        <a href=\"https:\/\/albanianomads.com\/nl\/\" class=\"tb-cta-banner__link\" target=\"_blank\" title=\"\">\n            <div class=\"icon\"><i class=\"fa-solid fa-arrow-right\"><\/i><\/div>\n            <div class=\"text-part\">\n                                    <strong>Wil je de hoogtepunten van Albani\u00eb ontdekken?<\/strong>\n                                                    <span>Paragliden, raften of kooklessen: het is allemaal mogelijk met onze roadtrip Albania Nomads.<\/span>\n                            <\/div>\n        <\/a>\n    <\/div>\n<\/div>\n\n\n<div class=\"tb-simple-gallery tb-block align-center background-light pattern-none variant-2-vertical-1-horizontal tb-collapsible-margins\" id=\"simple-gallery-2\">\n\t\t\t<div class=\"tb-simple-gallery__images\">\n\t\t\t\t\t\t\t\t\t\t\t\t\t\t\t\t\t\t\t\t\t\t<div class=\"tb-simple-gallery__image tb-simple-gallery__image--vertical\">\n\t\t\t\t\t\t<div class=\"tb-image-part\">\n\t\t\t\t\t\t\t<figure>\n\t\t\t\t\t\t\t\t<img src='https:\/\/albn.travelblox.eu\/wp-content\/uploads\/sites\/115\/2025\/04\/pexels-photo-2162768.jpeg' width='1124' height='750' alt='Leukste activiteiten in Albani\u00eb: paragliden boven de Vl\u00f6re Albani\u00eb' style='object-position:50% 50%' loading='lazy'>\t\t\t\t\t\t\t\t\t\t\t\t\t\t\t<\/figure>\n\t\t\t\t\t\t<\/div>\n\t\t\t\t\t<\/div>\n\t\t\t\t\t\t\t\t\t\t\t\t\t\t\t\t\t\t\t<div class=\"tb-simple-gallery__image tb-simple-gallery__image--vertical\">\n\t\t\t\t\t\t<div class=\"tb-image-part\">\n\t\t\t\t\t\t\t<figure>\n\t\t\t\t\t\t\t\t<img src='https:\/\/albn.travelblox.eu\/wp-content\/uploads\/sites\/115\/2025\/04\/image00001-min-scaled-e1746006036616.jpeg' width='2492' height='1604' alt='rafting vjosa river' style='object-position:50% 50%' loading='lazy'>\t\t\t\t\t\t\t\t\t\t\t\t\t\t\t<\/figure>\n\t\t\t\t\t\t<\/div>\n\t\t\t\t\t<\/div>\n\t\t\t\t\t\t\t\t\t\t\t\t<\/div>\n\t<\/div>\n\n\n<div class=\"tb-wysiwyg tb-block align-left background-light pattern-none variant-none tb-collapsible-margins\" id=\"wysiwyg-12\">\n    <div class=\"inner-block\">\n        <div class=\"tb-wysiwyg__inner\">\n            <div class=\"inner-block\">\n                                <div class=\"text-part wysiwyg\">\n                                            <h2>Praktische tips per seizoen<\/h2>                        <h3>Voorbereiding van de reis<\/h3>                                        \t\t<div class=\"translation-block\"><ul><li><strong>De Albanese zomer<\/strong> vraagt om een <strong>goede zonnebescherming.&nbsp;<\/strong> Zonnebrandcr\u00e8me met factor 50, een hoed en een zonnebril zijn onmisbaar. De zon in Albani\u00eb is fel, vooral op grote hoogte.<\/li><li>Zorg voor lichte kleding, maar ook een jas voor de avonden in de bergen. De <strong>temperatuurverschillen<\/strong> tussen de kust en de hoogte kunnen verrassend zijn.<\/li><li><strong>Buiten de zomer<\/strong> vraagt elke reis natuurlijk om een zorgvuldige voorbereiding: controleer de openingstijden van plaatsen die je wil bezoeken, plan alternatieven en houd <strong>flexibiliteit in je planning<\/strong>.<\/li><\/ul><p><strong>Reisbudget<\/strong><\/p><ul><li><strong>De zomer<\/strong> is de duurste periode, maar ook de periode waarin het meest te zien en beleven valt. Alle diensten zijn open en de prijs-kwaliteitverhouding is uitstekend.<\/li><li>Reken op ongeveer <strong>30% meer budget dan in het laagseizoen<\/strong>, maar ook op een veel groter aanbod en een optimale servicekwaliteit. Aantrekkelijke tarieven buiten het seizoen verbergen vaak teleurstellingen...<\/li><\/ul><\/div>\n\t                <\/div>\n            <\/div>\n        <\/div>\n    <\/div>\n<\/div>\n\n\n<div class=\"tb-cta-banner tb-block align-left background-light pattern-none variant-none tb-collapsible-margins\" id=\"cta-banner-3\">\n    <div class=\"inner-block\">\n        <a href=\"https:\/\/albanianomads.com\/nl\/\" class=\"tb-cta-banner__link\" target=\"_blank\" title=\"\">\n            <div class=\"icon\"><i class=\"fa-solid fa-arrow-right\"><\/i><\/div>\n            <div class=\"text-part\">\n                                    <strong>Ontdek onze roadtrip Albania Nomads:\u00a0<\/strong>\n                                                    <span>Een 7-daagse rondreis door Albani\u00eb in een 4x4 met daktent, al vanaf \u20ac710!<\/span>\n                            <\/div>\n        <\/a>\n    <\/div>\n<\/div>\n\n\n<div class=\"tb-image tb-block align-none background-light pattern-none variant-none\" id=\"image-3\">\n\t<figure>\n\t\t\t\t<img src='https:\/\/albn.travelblox.eu\/wp-content\/uploads\/sites\/115\/2024\/11\/AN_WEBSITE-BACKGROUND-VIDEO_16x9_HEADER-IMAGE.jpg' width='1920' height='1080' loading='lazy'>\t\t\t\t\t<\/figure>\n<\/div>\n\n\n<div class=\"tb-wysiwyg tb-block align-left background-light pattern-none variant-none tb-collapsible-margins\" id=\"wysiwyg-13\">\n    <div class=\"inner-block\">\n        <div class=\"tb-wysiwyg__inner\">\n            <div class=\"inner-block\">\n                                <div class=\"text-part wysiwyg\">\n                                            <h2>Onze aanbeveling: juli-augustus voor een eerste reis<\/h2>                                                                \t\t<div class=\"translation-block\"><p>Is het je eerste vakantie in Albani\u00eb? <strong>Dan is de zomer voor jou de beste reisperiode.<\/strong> Dan onthult het land al zijn pracht en beleef je ongetwijfeld de beste reiservaring. In juli en augustus geniet je gegarandeerd van stralende zon, kristalheldere water, toegankelijke bergpassen, levendige cultuur en top toeristische infrastructuur. Natuurlijk ben je niet alleen, maar je zult wel het authentieke Albani\u00eb ervaren.&nbsp;<\/p><p><i><strong>Graag op rondreis naar Albani\u00eb maar geen zin om zelf te plannen?<\/strong><\/i><a href=\"https:\/\/albanianomads.com\/nl\/\">Met Albania Nomads is alles voor jou geregeld<\/a><i>. Je ontdekt het beste van Albani\u00eb tijdens de beste reisperiode.<\/i><\/p><\/div>\n\t                <\/div>\n            <\/div>\n        <\/div>\n    <\/div>\n<\/div>","protected":false},"excerpt":{"rendered":"","protected":false},"author":114,"featured_media":229,"comment_status":"closed","ping_status":"closed","sticky":false,"template":"","format":"standard","meta":{"_acf_changed":false,"inline_featured_image":false,"footnotes":""},"class_list":["post-354","post","type-post","status-publish","format-standard","has-post-thumbnail","hentry","team-member-sophie","blog-category-tips-tricks"],"acf":[],"_links":{"self":[{"href":"https:\/\/albn.travelblox.eu\/nl\/wp-json\/wp\/v2\/posts\/354","targetHints":{"allow":["GET"]}}],"collection":[{"href":"https:\/\/albn.travelblox.eu\/nl\/wp-json\/wp\/v2\/posts"}],"about":[{"href":"https:\/\/albn.travelblox.eu\/nl\/wp-json\/wp\/v2\/types\/post"}],"author":[{"embeddable":true,"href":"https:\/\/albn.travelblox.eu\/nl\/wp-json\/wp\/v2\/users\/114"}],"replies":[{"embeddable":true,"href":"https:\/\/albn.travelblox.eu\/nl\/wp-json\/wp\/v2\/comments?post=354"}],"version-history":[{"count":46,"href":"https:\/\/albn.travelblox.eu\/nl\/wp-json\/wp\/v2\/posts\/354\/revisions"}],"predecessor-version":[{"id":1074,"href":"https:\/\/albn.travelblox.eu\/nl\/wp-json\/wp\/v2\/posts\/354\/revisions\/1074"}],"wp:featuredmedia":[{"embeddable":true,"href":"https:\/\/albn.travelblox.eu\/nl\/wp-json\/wp\/v2\/media\/229"}],"wp:attachment":[{"href":"https:\/\/albn.travelblox.eu\/nl\/wp-json\/wp\/v2\/media?parent=354"}],"curies":[{"name":"wp","href":"https:\/\/api.w.org\/{rel}","templated":true}]}}