{"id":517,"date":"2025-08-28T08:08:48","date_gmt":"2025-08-28T08:08:48","guid":{"rendered":"https:\/\/albn.travelblox.eu\/?p=517"},"modified":"2025-12-17T10:29:45","modified_gmt":"2025-12-17T10:29:45","slug":"itineraire-albanie-7-jours-que-faire-entre-plages-et-montagnes","status":"publish","type":"post","link":"https:\/\/albn.travelblox.eu\/fr\/itineraire-albanie-7-jours-que-faire-entre-plages-et-montagnes\/","title":{"rendered":"Itin\u00e9raire Albanie 7 Jours : Que faire entre plages et montagnes ?"},"content":{"rendered":"\n<div class=\" tb-wysiwyg tb-block align-left background-light pattern-none variant-none tb-collapsible-margins\" id=\"wysiwyg\">\n    <div class=\"inner-block\">\n        <div class=\"tb-wysiwyg__inner tb-wysiwyg__inner--highlight\">\n            <div class=\"inner-block\">\n                                    <!-- <div class=\"icon\">\n                    <img decoding=\"async\" src=\"\/var\/www\/prod\/public_html\/wp-content\/plugins\/tbx-plugin\/blox\/wysiwyg\/..\/..\/images\/wave-1.php \" alt=\"Lamp icon\"\/>\n                <\/div> -->\n                    <div class=\"icon\">\n                        <i class=\"fa-kit fa-tb-lightbulb\"><\/i>\n                    <\/div>\n                                <div class=\"text-part wysiwyg\">\n                                            <h4>Les conseils de l&rsquo;\u00e9quipe<\/h4>                                        \t\t<div class=\"translation-block\"><ul>\n<li style=\"font-weight: 400\"><b>Itin\u00e9raire \u00e9quilibr\u00e9 :<\/b><span style=\"font-weight: 400\"> 3 jours c\u00f4te + 3 jours montagne + 1 jour culture pour varier les exp\u00e9riences<\/span><\/li>\n<li style=\"font-weight: 400\"><b>Transport<\/b><span style=\"font-weight: 400\"> : Location de voiture indispensable pour explorer les sites recul\u00e9s en toute libert\u00e9<\/span><\/li>\n<li style=\"font-weight: 400\"><b>H\u00e9bergement<\/b><span style=\"font-weight: 400\"> : M\u00e9langez h\u00f4tels c\u00f4tiers, g\u00eetes montagnards et exp\u00e9riences authentiques<\/span><\/li>\n<li style=\"font-weight: 400\"><b>P\u00e9riode id\u00e9ale<\/b><span style=\"font-weight: 400\"> : Juillet-ao\u00fbt pour profiter pleinement des plages et des sentiers de montagne<\/span><\/li>\n<li style=\"font-weight: 400\"><b>Pr\u00e9paration<\/b><span style=\"font-weight: 400\"> : Pr\u00e9voyez maillot de bain ET v\u00eatements chauds, les \u00e9carts de temp\u00e9rature surprennent<\/span><\/li>\n<li style=\"font-weight: 400\"><b>Planification<\/b><span style=\"font-weight: 400\"> : R\u00e9servez \u00e0 l&rsquo;avance en haute saison, surtout pour les h\u00e9bergements c\u00f4tiers<\/span><\/li>\n<\/ul><\/div>\n\t                <\/div>\n            <\/div>\n        <\/div>\n    <\/div>\n<\/div>\n\n\n<div class=\" tb-image tb-block align-none background-light pattern-none variant-none\" id=\"image\">\n\t<figure>\n\t\t\t\t<img src='https:\/\/albn.travelblox.eu\/wp-content\/uploads\/sites\/115\/2025\/07\/20250625-DSC05952-scaled.webp' width='2560' height='1707' loading='lazy'>\t\t\t\t\t<\/figure>\n<\/div>\n\n\n<div class=\" tb-cta-banner tb-block align-left background-light pattern-none variant-none tb-collapsible-margins\" id=\"cta-banner\">\n    <div class=\"inner-block\">\n        <a href=\"http:\/\/albanianomads.com\/fr\/\" class=\"tb-cta-banner__link\" target=\"_blank\" title=\"\">\n            <div class=\"icon\"><i class=\"fa-solid fa-arrow-right\"><\/i><\/div>\n            <div class=\"text-part\">\n                                    <strong>D\u00e9couvrir les Albania Nomads<\/strong>\n                                                    <span>Un road trip de 7 jours avec tente de toit en Albanie<\/span>\n                            <\/div>\n        <\/a>\n    <\/div>\n<\/div>\n\n\n<div class=\" tb-wysiwyg tb-block align-left background-light pattern-none variant-none tb-collapsible-margins\" id=\"wysiwyg-1\">\n    <div class=\"inner-block\">\n        <div class=\"tb-wysiwyg__inner \">\n            <div class=\"inner-block\">\n                                <div class=\"text-part wysiwyg\">\n                                            <h2>Pourquoi un road trip en Albanie deviendra votre nouvelle destination pr\u00e9f\u00e9r\u00e9e<\/h2>                                                                \t\t<div class=\"translation-block\"><p><span style=\"font-weight: 400\">Une semaine en Albanie, c&rsquo;est le temps parfait pour tomber amoureux de ce joyau des Balkans ! Imaginez-vous passer de plages paradisiaques aux eaux cristallines \u00e0 des villages de montagne o\u00f9 le temps semble s&rsquo;\u00eatre arr\u00eat\u00e9, le tout dans un p\u00e9rim\u00e8tre \u00e9tonnamment compact.<\/span><\/p>\n<p><span style=\"font-weight: 400\">Ce petit pays vous offre une diversit\u00e9 extraordinaire : patrimoine ottoman class\u00e9 UNESCO, Riviera m\u00e9diterran\u00e9enne aux allures grecques, sources thermales naturelles et sommets alpins spectaculaires. Chaque jour r\u00e9v\u00e8le un nouveau visage de l&rsquo;Albanie authentique.<\/span><\/p>\n<p><span style=\"font-weight: 400\">Voici comment organiser votre semaine albanaise pour ne rien manquer de l&rsquo;essentiel, avec des suggestions pour tous les types de voyageurs !<\/span><\/p><\/div>\n\t                <\/div>\n            <\/div>\n        <\/div>\n    <\/div>\n<\/div>\n\n\n<div class=\" tb-wysiwyg tb-block align-left background-light pattern-none variant-none tb-collapsible-margins\" id=\"wysiwyg-2\">\n    <div class=\"inner-block\">\n        <div class=\"tb-wysiwyg__inner \">\n            <div class=\"inner-block\">\n                                <div class=\"text-part wysiwyg\">\n                                            <h2>L&rsquo;Albanie culturelle : Tirana et Berat<\/h2>                        <h3>Jour 1 &#8211; 2<\/h3>                                        \t\t<div class=\"translation-block\"><p><strong>Premi\u00e8re immersion dans la capitale<\/strong><\/p>\n<p><span style=\"font-weight: 400\">Commencez votre voyage Albanie par Tirana, cette capitale color\u00e9e qui bouscule tous les pr\u00e9jug\u00e9s ! Architecture sovi\u00e9tique repeinte de couleurs vives, street art omnipr\u00e9sent et terrasses de caf\u00e9s anim\u00e9es cr\u00e9ent une ambiance unique dans les Balkans.<\/span><\/p>\n<p><span style=\"font-weight: 400\">Ne manquez pas le t\u00e9l\u00e9ph\u00e9rique du mont Dajti pour une vue panoramique sur la ville et les montagnes environnantes. En ville, le mus\u00e9e Bunk&rsquo;Art vous plonge dans l&rsquo;\u00e9poque communiste \u00e0 travers un bunker souterrain impressionnant.<\/span><\/p>\n<p><strong>Berat, la ville aux mille fen\u00eatres<\/strong><\/p>\n<p><span style=\"font-weight: 400\">Direction ensuite Berat, perle ottomane class\u00e9e UNESCO ! Ses maisons blanches accroch\u00e9es \u00e0 flanc de colline et son ch\u00e2teau habit\u00e9 depuis des si\u00e8cles racontent 2500 ans d&rsquo;histoire albanaise. Les quartiers de Mangalem et Gorica offrent une balade authentique entre ruelles pav\u00e9es et \u00e9choppes d&rsquo;artisans.<\/span><\/p>\n<p><span style=\"font-weight: 400\">Cette \u00e9tape pose parfaitement les bases culturelles de votre circuit Albanie, m\u00ealant histoire ancienne et modernit\u00e9 albanaise.<\/span><\/p><\/div>\n\t                <\/div>\n            <\/div>\n        <\/div>\n    <\/div>\n<\/div>\n\n\n<div class=\" tb-wysiwyg tb-block align-left background-light pattern-none variant-none tb-collapsible-margins\" id=\"wysiwyg-3\">\n    <div class=\"inner-block\">\n        <div class=\"tb-wysiwyg__inner \">\n            <div class=\"inner-block\">\n                                <div class=\"text-part wysiwyg\">\n                                            <h2>La Riviera albanaise et ses tr\u00e9sors cach\u00e9s<\/h2>                        <h3>Jour 3 &#8211; 4<\/h3>                                        \t\t<div class=\"translation-block\"><p><strong>La c\u00f4te ionienne, rivale de la Gr\u00e8ce<\/strong><\/p>\n<p><span style=\"font-weight: 400\">La c\u00f4te Sud albanaise rivalise sans complexe avec les \u00eeles grecques ! Eaux turquoise, plages de sable fin et prix d\u00e9fiants toute concurrence attirent de plus en plus de voyageurs avis\u00e9s. La route c\u00f4ti\u00e8re, notamment le col de Llogara, offre des panoramas \u00e0 couper le souffle.<\/span><\/p>\n<p><span style=\"font-weight: 400\">Dh\u00ebrmi, Himara et leurs plages secr\u00e8tes m\u00e9ritent largement une journ\u00e9e d&rsquo;exploration. Certaines criques ne sont accessibles qu&rsquo;\u00e0 pied, pr\u00e9servant leur caract\u00e8re sauvage et authentique.<\/span><\/p>\n<p><strong>D\u00e9couverte de la Riviera secr\u00e8te<\/strong><\/p>\n<p><span style=\"font-weight: 400\">Les vacances en Albanie prennent ici tout leur sens ! Entre baignades dans des eaux cristallines et exploration de villages c\u00f4tiers pr\u00e9serv\u00e9s, cette r\u00e9gion r\u00e9v\u00e8le pourquoi l&rsquo;Albanie devient la destination tendance des Balkans.<\/span><\/p>\n<p><span style=\"font-weight: 400\">Pour une exp\u00e9rience vraiment unique, certains voyageurs optent pour <a href=\"https:\/\/albanianomads.com\/fr\/\">notre road trip Albania Nomads en tente de toit<\/a> qui permet de dormir face \u00e0 la mer dans des endroits magiques inaccessibles aux touristes classiques.<\/span><\/p><\/div>\n\t                <\/div>\n            <\/div>\n        <\/div>\n    <\/div>\n<\/div>\n\n\n<div class=\" tb-wysiwyg tb-block align-left background-light pattern-none variant-none tb-collapsible-margins\" id=\"wysiwyg-4\">\n    <div class=\"inner-block\">\n        <div class=\"tb-wysiwyg__inner \">\n            <div class=\"inner-block\">\n                                <div class=\"text-part wysiwyg\">\n                                            <h2>Les Alpes albanaises et l&rsquo;authentique montagnard <\/h2>                        <h3>Jour 5 &#8211; 6<\/h3>                                        \t\t<div class=\"translation-block\"><p><strong>Paysages grandioses et villages pr\u00e9serv\u00e9s<\/strong><\/p>\n<p><span style=\"font-weight: 400\">Les montagnes du Nord offrent un contraste saisissant avec la c\u00f4te m\u00e9diterran\u00e9enne. Villages de pierre traditionnels, sommets enneig\u00e9s m\u00eame en \u00e9t\u00e9 et vall\u00e9es verdoyantes composent des paysages dignes des plus belles cartes postales alpines.<\/span><\/p>\n<p><span style=\"font-weight: 400\">Cette r\u00e9gion reste pr\u00e9serv\u00e9e du tourisme de masse, garantissant des rencontres authentiques avec les montagnards albanais r\u00e9put\u00e9s pour leur hospitalit\u00e9 l\u00e9gendaire.<\/span><\/p>\n<p><strong>Immersion dans la culture traditionnelle<\/strong><\/p>\n<p><span style=\"font-weight: 400\">Les Alpes albanaises conservent des traditions mill\u00e9naires : maisons d&rsquo;h\u00f4tes familiales, cuisine de montagne savoureuse et codes d&rsquo;honneur ancestraux. C&rsquo;est ici que vous d\u00e9couvrez l&rsquo;\u00e2me profonde de l&rsquo;Albanie, loin des sentiers battus.<\/span><\/p><\/div>\n\t                <\/div>\n            <\/div>\n        <\/div>\n    <\/div>\n<\/div>\n\n\n<div class=\" tb-cta-banner tb-block align-left background-light pattern-none variant-none tb-collapsible-margins\" id=\"cta-banner-1\">\n    <div class=\"inner-block\">\n        <a href=\"https:\/\/albanianomads.com\/fr\/\" class=\"tb-cta-banner__link\" target=\"_blank\" title=\"\">\n            <div class=\"icon\"><i class=\"fa-solid fa-arrow-right\"><\/i><\/div>\n            <div class=\"text-part\">\n                                    <strong>S&rsquo;endormir au c\u0153ur de ces paysages grandioses et se r\u00e9veiller avec vue sur les sommets ? <\/strong>\n                                                    <span>Chosissez l&rsquo;exp\u00e9rience tente de toit avec les Albania Nomads ! <\/span>\n                            <\/div>\n        <\/a>\n    <\/div>\n<\/div>\n\n\n<div class=\" tb-wysiwyg tb-block align-left background-light pattern-none variant-none tb-collapsible-margins\" id=\"wysiwyg-5\">\n    <div class=\"inner-block\">\n        <div class=\"tb-wysiwyg__inner \">\n            <div class=\"inner-block\">\n                                <div class=\"text-part wysiwyg\">\n                                            <h2>Patrimoine historique et sites incontournables<\/h2>                        <h3>Jour 7<\/h3>                                        \t\t<div class=\"translation-block\"><p><strong>Tr\u00e9sors antiques et ottoman<\/strong><\/p>\n<p><span style=\"font-weight: 400\">L&rsquo;Albanie rec\u00e8le de sites historiques remarquables ! Butrint, ancienne cit\u00e9 grecque puis romaine class\u00e9e UNESCO, vous transporte dans l&rsquo;Antiquit\u00e9 au bord d&rsquo;un lac paisible. Gjirokast\u00ebr, la \u00ab\u00a0ville de pierre\u00a0\u00bb, raconte l&rsquo;\u00e9poque ottomane avec ses maisons-tours caract\u00e9ristiques.<\/span><\/p>\n<p><span style=\"font-weight: 400\">Ces \u00e9tapes culturelles enrichissent votre voyage en Albanie d&rsquo;une dimension historique fascinante, r\u00e9v\u00e9lant les multiples civilisations qui ont fa\u00e7onn\u00e9 ce pays.<\/span><\/p>\n<p><strong>Ph\u00e9nom\u00e8nes naturels uniques<\/strong><\/p>\n<p><span style=\"font-weight: 400\">L&rsquo;\u0152il Bleu, source karstique aux eaux d&rsquo;un bleu irr\u00e9el, compte parmi les merveilles naturelles albanaises. Les sources thermales de Benj\u00eb offrent une pause d\u00e9tente bienvenue dans un cadre naturel pr\u00e9serv\u00e9.<\/span><\/p>\n<p><span style=\"font-weight: 400\">Ces sites naturels exceptionnels compl\u00e8tent parfaitement votre d\u00e9couverte des paysages d&rsquo;Albanie, entre montagne et mer.<\/span><\/p><\/div>\n\t                <\/div>\n            <\/div>\n        <\/div>\n    <\/div>\n<\/div>\n\n\n<div class=\" tb-simple-gallery tb-block align-center background-light pattern-none variant-2-vertical-1-horizontal tb-collapsible-margins\" id=\"simple-gallery\">\n\t\t\t<div class=\"tb-simple-gallery__images\">\n\t\t\t\t\t\t\t\t\t\t\t\t\t\t\t\t\t\t\t\t\t\t<div class=\"tb-simple-gallery__image tb-simple-gallery__image--vertical\">\n\t\t\t\t\t\t<div class=\"tb-image-part\">\n\t\t\t\t\t\t\t<figure>\n\t\t\t\t\t\t\t\t<img src='https:\/\/albn.travelblox.eu\/wp-content\/uploads\/sites\/115\/2025\/03\/DJI_0158-scaled-e1773071117143.jpg' width='1190' height='860' alt='Riviera albanaise' loading='lazy'>\t\t\t\t\t\t\t\t\t\t\t\t\t\t\t<\/figure>\n\t\t\t\t\t\t<\/div>\n\t\t\t\t\t<\/div>\n\t\t\t\t\t\t\t\t\t\t\t\t\t\t\t\t\t\t\t<div class=\"tb-simple-gallery__image tb-simple-gallery__image--vertical\">\n\t\t\t\t\t\t<div class=\"tb-image-part\">\n\t\t\t\t\t\t\t<figure>\n\t\t\t\t\t\t\t\t<img src='https:\/\/albn.travelblox.eu\/wp-content\/uploads\/sites\/115\/2024\/11\/TBN22_RoyMosterd_WR_P8174388-scaled.jpg' width='2560' height='1920' loading='lazy'>\t\t\t\t\t\t\t\t\t\t\t\t\t\t\t<\/figure>\n\t\t\t\t\t\t<\/div>\n\t\t\t\t\t<\/div>\n\t\t\t\t\t\t\t\t\t\t\t\t<\/div>\n\t<\/div>\n\n\n<div class=\" tb-wysiwyg tb-block align-left background-light pattern-none variant-none tb-collapsible-margins\" id=\"wysiwyg-6\">\n    <div class=\"inner-block\">\n        <div class=\"tb-wysiwyg__inner \">\n            <div class=\"inner-block\">\n                                <div class=\"text-part wysiwyg\">\n                                            <h2>Conseils pratiques pour votre semaine<\/h2>                                                                \t\t<div class=\"translation-block\"><p><strong>Transport et logistique<\/strong><\/p>\n<p><span style=\"font-weight: 400\">Une location de voiture en Albanie s&rsquo;impose pour explorer librement les sites les plus authentiques. Les distances restent courtes mais certains tr\u00e9sors cach\u00e9s n\u00e9cessitent de sortir des routes principales.<\/span><\/p>\n<p><span style=\"font-weight: 400\">Pour ceux qui pr\u00e9f\u00e8rent une organisation cl\u00e9 en main, les circuits Albania Nomads proposent des v\u00e9hicules tout \u00e9quip\u00e9s avec accompagnement expert, id\u00e9al pour d\u00e9couvrir l&rsquo;Albanie sans contraintes logistiques.<\/span><\/p>\n<p><strong>O\u00f9 aller en Albanie selon vos envies<\/strong><\/p>\n<ul>\n<li><span style=\"font-weight: 400\">Pour les amateurs de patrimoine : Concentrez-vous sur Tirana, Berat, Gjirokast\u00ebr et Butrint pour un voyage riche en d\u00e9couvertes historiques.<\/span><\/li>\n<li><span style=\"font-weight: 400\">Pour les amoureux de nature : Privil\u00e9giez la c\u00f4te Sud, les Alpes albanaises et les sites naturels comme l&rsquo;\u0152il Bleu pour une immersion totale.<\/span><\/li>\n<li><span style=\"font-weight: 400\">Pour l&rsquo;aventure compl\u00e8te : M\u00e9langez les deux pour saisir toute la diversit\u00e9 albanaise en une semaine intense mais \u00e9quilibr\u00e9e.<\/span><\/li>\n<\/ul>\n<p><b>H\u00e9bergement et exp\u00e9riences<\/b><\/p>\n<p><span style=\"font-weight: 400\">L&rsquo;Albanie offre tous types d&rsquo;h\u00e9bergements : h\u00f4tels modernes en ville, g\u00eetes familiaux en montagne, campings face \u00e0 la mer. Chaque formule apporte sa dimension \u00e0 votre voyage.<\/span><\/p>\n<p><span style=\"font-weight: 400\"><a href=\"https:\/\/albanianomads.com\/fr\/\">L&rsquo;exp\u00e9rience en tente de toit<\/a> gagne en popularit\u00e9 pour sa libert\u00e9 totale et ses r\u00e9veils dans des d\u00e9cors exceptionnels, impossible avec un h\u00e9bergement classique.<\/span><\/p>\n<p><b>Gastronomie et rencontres locales<\/b><\/p>\n<p><span style=\"font-weight: 400\">La cuisine albanaise m\u00e9lange influences m\u00e9diterran\u00e9ennes et balkaniques : tav\u00eb kosi (agneau au yaourt), byrek (feuillet\u00e9 sal\u00e9), fromages de montagne et raki traditionnel. Chaque r\u00e9gion apporte ses sp\u00e9cialit\u00e9s selon les produits locaux.<\/span><\/p>\n<p><span style=\"font-weight: 400\">Les march\u00e9s color\u00e9s et restaurants familiaux offrent des exp\u00e9riences gustatives authentiques \u00e0 prix tr\u00e8s doux compar\u00e9 au reste de l&rsquo;Europe.<\/span><\/p>\n<p><strong>Hospitalit\u00e9 l\u00e9gendaire<\/strong><\/p>\n<p><span style=\"font-weight: 400\">L&rsquo;accueil albanais reste l\u00e9gendaire ! Le code d&rsquo;honneur \u00ab\u00a0Besa\u00a0\u00bb fait de votre s\u00e9curit\u00e9 et bien-\u00eatre une responsabilit\u00e9 sacr\u00e9e d\u00e8s que vous \u00eates invit\u00e9. Ces rencontres humaines enrichissent votre voyage au-del\u00e0 des simples visites.<\/span><\/p>\n<p>&nbsp;<\/p><\/div>\n\t                <\/div>\n            <\/div>\n        <\/div>\n    <\/div>\n<\/div>\n\n\n<div class=\" tb-cta-banner tb-block align-left background-light pattern-none variant-none tb-collapsible-margins\" id=\"cta-banner-2\">\n    <div class=\"inner-block\">\n        <a href=\"http:\/\/albanianomads.com\/fr\/#route\" class=\"tb-cta-banner__link\" target=\"_blank\" title=\"\">\n            <div class=\"icon\"><i class=\"fa-solid fa-arrow-right\"><\/i><\/div>\n            <div class=\"text-part\">\n                                    <strong>D\u00e9couvrir le circuit Albania Nomads<\/strong>\n                                                    <span>Un itin\u00e9raire complet d&rsquo;une semaine en Albanie entre plages, montagnes et villages traditionnels<\/span>\n                            <\/div>\n        <\/a>\n    <\/div>\n<\/div>\n\n\n<div class=\" tb-wysiwyg tb-block align-left background-light pattern-none variant-none tb-collapsible-margins\" id=\"wysiwyg-7\">\n    <div class=\"inner-block\">\n        <div class=\"tb-wysiwyg__inner \">\n            <div class=\"inner-block\">\n                                <div class=\"text-part wysiwyg\">\n                                            <h2>Quand partir et comment s&rsquo;organiser<\/h2>                                                                \t\t<div class=\"translation-block\"><p><strong>Saison optimale<\/strong><\/p>\n<p><span style=\"font-weight: 400\">Juillet-ao\u00fbt offrent les meilleures conditions : toutes les routes ouvertes, activit\u00e9s disponibles, mer chaude et m\u00e9t\u00e9o stable. C&rsquo;est quand l&rsquo;Albanie r\u00e9v\u00e8le toute sa splendeur, des plages aux sommets.<\/span><\/p>\n<p><strong>Pr\u00e9paration du voyage<\/strong><\/p>\n<p><span style=\"font-weight: 400\">Une semaine permet de voir l&rsquo;essentiel sans courir. Pr\u00e9voyez des v\u00eatements adapt\u00e9s aux diff\u00e9rents climats et quelques mots d&rsquo;albanais pour faire plaisir aux locaux !<\/span><\/p>\n<p><span style=\"font-weight: 400\">Pour une premi\u00e8re d\u00e9couverte sans stress logistique, les formules organis\u00e9es comme Albania Nomads optimisent chaque jour tout en gardant l&rsquo;esprit d&rsquo;aventure.<\/span><\/p>\n<p>&nbsp;<\/p><\/div>\n\t                <\/div>\n            <\/div>\n        <\/div>\n    <\/div>\n<\/div>\n\n\n<div class=\" tb-wysiwyg tb-block align-left background-light pattern-none variant-none tb-collapsible-margins\" id=\"wysiwyg-8\">\n    <div class=\"inner-block\">\n        <div class=\"tb-wysiwyg__inner \">\n            <div class=\"inner-block\">\n                                <div class=\"text-part wysiwyg\">\n                                            <h2>L&rsquo;Albanie vous attend !<\/h2>                                                                \t\t<div class=\"translation-block\"><p><span style=\"font-weight: 400\">Cette semaine albanaise vous laissera des souvenirs imp\u00e9rissables et l&rsquo;envie de revenir explorer davantage. Ce pays poss\u00e8de cette magie particuli\u00e8re qui transforme chaque visiteur en ambassadeur passionn\u00e9.<\/span><\/p>\n<p><span style=\"font-weight: 400\">Entre patrimoine mill\u00e9naire, nature pr\u00e9serv\u00e9e et accueil chaleureux, l&rsquo;Albanie offre une exp\u00e9rience de voyage authentique devenue rare en Europe. Votre semaine dans ce joyau des Balkans marquera assur\u00e9ment vos plus beaux souvenirs de voyage.<\/span><\/p>\n<p><span style=\"font-weight: 400\">Que vous choisissiez l&rsquo;autonomie compl\u00e8te ou l&rsquo;accompagnement expert, l&rsquo;Albanie r\u00e9v\u00e9lera ses tr\u00e9sors \u00e0 ceux qui prennent le temps de la d\u00e9couvrir vraiment. L&rsquo;aventure vous attend dans ce petit pays aux grandes surprises !<\/span><\/p><\/div>\n\t                <\/div>\n            <\/div>\n        <\/div>\n    <\/div>\n<\/div>\n\n\n<div class=\" tb-image tb-block align-none background-light pattern-none variant-none\" id=\"image-1\">\n\t<figure>\n\t\t\t\t<img src='https:\/\/albn.travelblox.eu\/wp-content\/uploads\/sites\/115\/2024\/11\/ALBN_GALLERY_4-scaled.jpg' width='2560' height='1920' alt='Road Albania Nomads Nature Car Sky' loading='lazy'>\t\t\t\t\t<\/figure>\n<\/div>\n\n\n<div class=\" tb-image tb-block align-none background-light pattern-none variant-none\" id=\"image-2\">\n\t<figure>\n\t\t\t\t<img src='https:\/\/albn.travelblox.eu\/wp-content\/uploads\/sites\/115\/2025\/03\/DSC_0191-scaled.jpg' width='2560' height='1714' loading='lazy'>\t\t\t\t\t<\/figure>\n<\/div>","protected":false},"excerpt":{"rendered":"","protected":false},"author":130,"featured_media":41,"comment_status":"closed","ping_status":"closed","sticky":false,"template":"","format":"standard","meta":{"_acf_changed":false,"inline_featured_image":false,"footnotes":""},"class_list":["post-517","post","type-post","status-publish","format-standard","has-post-thumbnail","hentry","team-member-sophie","blog-category-activities"],"acf":[],"_links":{"self":[{"href":"https:\/\/albn.travelblox.eu\/fr\/wp-json\/wp\/v2\/posts\/517","targetHints":{"allow":["GET"]}}],"collection":[{"href":"https:\/\/albn.travelblox.eu\/fr\/wp-json\/wp\/v2\/posts"}],"about":[{"href":"https:\/\/albn.travelblox.eu\/fr\/wp-json\/wp\/v2\/types\/post"}],"author":[{"embeddable":true,"href":"https:\/\/albn.travelblox.eu\/fr\/wp-json\/wp\/v2\/users\/130"}],"replies":[{"embeddable":true,"href":"https:\/\/albn.travelblox.eu\/fr\/wp-json\/wp\/v2\/comments?post=517"}],"version-history":[{"count":8,"href":"https:\/\/albn.travelblox.eu\/fr\/wp-json\/wp\/v2\/posts\/517\/revisions"}],"predecessor-version":[{"id":1072,"href":"https:\/\/albn.travelblox.eu\/fr\/wp-json\/wp\/v2\/posts\/517\/revisions\/1072"}],"wp:featuredmedia":[{"embeddable":true,"href":"https:\/\/albn.travelblox.eu\/fr\/wp-json\/wp\/v2\/media\/41"}],"wp:attachment":[{"href":"https:\/\/albn.travelblox.eu\/fr\/wp-json\/wp\/v2\/media?parent=517"}],"curies":[{"name":"wp","href":"https:\/\/api.w.org\/{rel}","templated":true}]}}