{"id":354,"date":"2025-07-04T14:01:10","date_gmt":"2025-07-04T14:01:10","guid":{"rendered":"https:\/\/albn.travelblox.eu\/?p=354"},"modified":"2025-12-17T10:31:07","modified_gmt":"2025-12-17T10:31:07","slug":"quand-partir-en-albanie-le-guide-pour-choisir-la-periode-parfaite","status":"publish","type":"post","link":"https:\/\/albn.travelblox.eu\/fr\/quand-partir-en-albanie-le-guide-pour-choisir-la-periode-parfaite\/","title":{"rendered":"Quand partir en Albanie ? climat, m\u00e9t\u00e9o et temp\u00e9ratures"},"content":{"rendered":"\n<div class=\" tb-wysiwyg tb-block align-left background-light pattern-none variant-none tb-collapsible-margins\" id=\"wysiwyg\">\n    <div class=\"inner-block\">\n        <div class=\"tb-wysiwyg__inner tb-wysiwyg__inner--highlight\">\n            <div class=\"inner-block\">\n                                    <!-- <div class=\"icon\">\n                    <img decoding=\"async\" src=\"\/var\/www\/prod\/public_html\/wp-content\/plugins\/tbx-plugin\/blox\/wysiwyg\/..\/..\/images\/wave-1.php \" alt=\"Lamp icon\"\/>\n                <\/div> -->\n                    <div class=\"icon\">\n                        <i class=\"fa-kit fa-tb-lightbulb\"><\/i>\n                    <\/div>\n                                <div class=\"text-part wysiwyg\">\n                                            <h4>Les conseils de l&rsquo;\u00e9quipe<\/h4>                                        \t\t<div class=\"translation-block\"><ul>\n<li style=\"font-weight: 400\"><b>P\u00e9riode id\u00e9ale :<\/b><span style=\"font-weight: 400\"> Juillet-ao\u00fbt pour l&rsquo;exp\u00e9rience compl\u00e8te mer et montagne<\/span><\/li>\n<li style=\"font-weight: 400\"><b>Climats :<\/b> M\u00e9diterran\u00e9en sur la c\u00f4te, montagnard dans les Alpes albanaises<\/li>\n<li style=\"font-weight: 400\"><strong>Activit\u00e9s :<\/strong> Baln\u00e9aire (juin-septembre), randonn\u00e9e (juillet-ao\u00fbt), culture (toute belle saison)<\/li>\n<li style=\"font-weight: 400\"><strong>Budget :<\/strong> \u00c9t\u00e9 plus cher mais meilleur rapport exp\u00e9rience\/prix avec tous services ouverts<\/li>\n<li style=\"font-weight: 400\"><strong>Logistique :<\/strong> R\u00e9servation anticip\u00e9e en haute saison, flexibilit\u00e9 requise pour les autres p\u00e9riodes<\/li>\n<\/ul><\/div>\n\t                <\/div>\n            <\/div>\n        <\/div>\n    <\/div>\n<\/div>\n\n\n<div class=\" tb-image tb-block align-none background-light pattern-none variant-none\" id=\"image\">\n\t<figure>\n\t\t\t\t<img src='https:\/\/albn.travelblox.eu\/wp-content\/uploads\/sites\/115\/2025\/07\/DSC06815-3-scaled.webp' width='2560' height='1851' loading='lazy'>\t\t\t\t\t<\/figure>\n<\/div>\n\n\n<div class=\" tb-cta-banner tb-block align-left background-light pattern-none variant-none tb-collapsible-margins\" id=\"cta-banner\">\n    <div class=\"inner-block\">\n        <a href=\"http:\/\/albanianomads.com\/fr\/\" class=\"tb-cta-banner__link\" target=\"_blank\" title=\"\">\n            <div class=\"icon\"><i class=\"fa-solid fa-arrow-right\"><\/i><\/div>\n            <div class=\"text-part\">\n                                    <strong>D\u00e9couvrir les Albania Nomads<\/strong>\n                                                    <span>Un road trip de 7 jours avec tente de toit en Albanie<\/span>\n                            <\/div>\n        <\/a>\n    <\/div>\n<\/div>\n\n\n<div class=\" tb-wysiwyg tb-block align-left background-light pattern-none variant-none tb-collapsible-margins\" id=\"wysiwyg-1\">\n    <div class=\"inner-block\">\n        <div class=\"tb-wysiwyg__inner \">\n            <div class=\"inner-block\">\n                                <div class=\"text-part wysiwyg\">\n                                            <h2>Quand partir en Albanie ? Guide Complet Saisons, Budget et Activit\u00e9s<\/h2>                                                                \t\t<div class=\"translation-block\"><p><span style=\"font-weight: 400\">Vous planifiez votre voyage en Albanie mais <strong>vous h\u00e9sitez sur la p\u00e9riode ?<\/strong> Excellente question ! Le timing peut transformer votre s\u00e9jour d&rsquo;une simple visite en aventure extraordinaire.<\/span><\/p>\n<p><span style=\"font-weight: 400\">L&rsquo;Albanie r\u00e9v\u00e8le ses plus beaux atouts durant <strong>l&rsquo;\u00e9t\u00e9<\/strong>, quand tout le pays s&rsquo;anime et que chaque r\u00e9gion d\u00e9voile sa personnalit\u00e9 unique. Imaginez-vous d\u00e9couvrir des plages cristallines le matin, puis contempler des sommets enneig\u00e9s l&rsquo;apr\u00e8s-midi, le tout sous un soleil g\u00e9n\u00e9reux qui \u00e9claire les paysages d&rsquo;Albanie durant 14 heures par jour !<\/span><\/p>\n<p><strong>Voici tout ce qu&rsquo;il faut savoir pour choisir le moment parfait pour votre aventure albanaise.<\/strong><\/p><\/div>\n\t                <\/div>\n            <\/div>\n        <\/div>\n    <\/div>\n<\/div>\n\n\n<div class=\" tb-wysiwyg tb-block align-left background-light pattern-none variant-none tb-collapsible-margins\" id=\"wysiwyg-2\">\n    <div class=\"inner-block\">\n        <div class=\"tb-wysiwyg__inner \">\n            <div class=\"inner-block\">\n                                <div class=\"text-part wysiwyg\">\n                                            <h2>Le climat en Albanie : 3 zones distinctes<\/h2>                        <h3>La c\u00f4te adriatique et ionienne<\/h3>                                        \t\t<div class=\"translation-block\"><p class=\"whitespace-normal break-words\">La c\u00f4te albanaise vit au <strong>rythme m\u00e9diterran\u00e9en<\/strong> ! \u00c9t\u00e9s chauds et secs (25-30\u00b0C), hivers doux mais pluvieux (10-15\u00b0C). La saison id\u00e9ale s&rsquo;\u00e9tend de juin \u00e0 septembre avec un pic de perfection en juillet-ao\u00fbt.<\/p>\n<p class=\"whitespace-normal break-words\">La <strong>Riviera albanaise<\/strong> (de Vlor\u00eb \u00e0 Saranda) b\u00e9n\u00e9ficie du climat le plus favorable avec des temp\u00e9ratures l\u00e9g\u00e8rement sup\u00e9rieures au reste du littoral. <strong>Saranda<\/strong> au sud profite d&rsquo;un microclimat particuli\u00e8rement doux toute l&rsquo;ann\u00e9e.<\/p><\/div>\n\t                <\/div>\n            <\/div>\n        <\/div>\n    <\/div>\n<\/div>\n\n\n<div class=\" tb-wysiwyg tb-block align-left background-light pattern-none variant-none tb-collapsible-margins\" id=\"wysiwyg-3\">\n    <div class=\"inner-block\">\n        <div class=\"tb-wysiwyg__inner \">\n            <div class=\"inner-block\">\n                                <div class=\"text-part wysiwyg\">\n                                                                    <h3>Les Alpes albanaises<\/h3>                                        \t\t<div class=\"translation-block\"><p class=\"whitespace-normal break-words\"><strong>Les montagnes du Nord vivent \u00e0 l&rsquo;heure alpine !<\/strong> \u00c9t\u00e9s frais et agr\u00e9ables (15-25\u00b0C), hivers rigoureux avec neige abondante. La saison de randonn\u00e9e se concentre exclusivement sur juillet-ao\u00fbt quand tous les sentiers sont d\u00e9gag\u00e9s.<\/p>\n<p class=\"whitespace-normal break-words\">Les Alpes albanaises cr\u00e9ent<strong> leur propre m\u00e9t\u00e9o<\/strong> avec des pr\u00e9cipitations abondantes et des temp\u00e9ratures fra\u00eeches m\u00eame en \u00e9t\u00e9. Cette diversit\u00e9 fait toute la richesse d&rsquo;un circuit en Albanie complet !<\/p><\/div>\n\t                <\/div>\n            <\/div>\n        <\/div>\n    <\/div>\n<\/div>\n\n\n<div class=\" tb-wysiwyg tb-block align-left background-light pattern-none variant-none tb-collapsible-margins\" id=\"wysiwyg-4\">\n    <div class=\"inner-block\">\n        <div class=\"tb-wysiwyg__inner \">\n            <div class=\"inner-block\">\n                                <div class=\"text-part wysiwyg\">\n                                                                    <h3>La r\u00e9gion centrale<\/h3>                                        \t\t<div class=\"translation-block\"><p class=\"whitespace-normal break-words\"><strong>Tirana<\/strong> et ses environs subissent les <strong>contrastes continentaux<\/strong> ! \u00c9t\u00e9s chauds (28-33\u00b0C), hivers parfois rigoureux (0-10\u00b0C). Cette r\u00e9gion n\u00e9cessite une bonne pr\u00e9paration vestimentaire selon la saison.<\/p>\n<p class=\"whitespace-normal break-words\"><strong>Shkodra<\/strong> au nord subit davantage l&rsquo;influence continentale avec des \u00e9carts de temp\u00e9rature plus marqu\u00e9s entre saisons.<\/p><\/div>\n\t                <\/div>\n            <\/div>\n        <\/div>\n    <\/div>\n<\/div>\n\n\n<div class=\" tb-simple-gallery tb-block align-center background-light pattern-none variant-2-vertical-1-horizontal tb-collapsible-margins\" id=\"simple-gallery\">\n\t\t\t<div class=\"tb-simple-gallery__images\">\n\t\t\t\t\t\t\t\t\t\t\t\t\t\t\t\t\t\t\t\t\t\t<div class=\"tb-simple-gallery__image tb-simple-gallery__image--vertical\">\n\t\t\t\t\t\t<div class=\"tb-image-part\">\n\t\t\t\t\t\t\t<figure>\n\t\t\t\t\t\t\t\t<img src='https:\/\/albn.travelblox.eu\/wp-content\/uploads\/sites\/115\/2025\/03\/DJI_0158-scaled-e1773071117143.jpg' width='1190' height='860' alt='Riviera albanaise' loading='lazy'>\t\t\t\t\t\t\t\t\t\t\t\t\t\t\t<\/figure>\n\t\t\t\t\t\t<\/div>\n\t\t\t\t\t<\/div>\n\t\t\t\t\t\t\t\t\t\t\t\t\t\t\t\t\t\t\t<div class=\"tb-simple-gallery__image tb-simple-gallery__image--vertical\">\n\t\t\t\t\t\t<div class=\"tb-image-part\">\n\t\t\t\t\t\t\t<figure>\n\t\t\t\t\t\t\t\t<img src='https:\/\/albn.travelblox.eu\/wp-content\/uploads\/sites\/115\/2024\/11\/TBN22_RoyMosterd_WR_P8174388-scaled.jpg' width='2560' height='1920' loading='lazy'>\t\t\t\t\t\t\t\t\t\t\t\t\t\t\t<\/figure>\n\t\t\t\t\t\t<\/div>\n\t\t\t\t\t<\/div>\n\t\t\t\t\t\t\t\t\t\t\t\t<\/div>\n\t<\/div>\n\n\n<div class=\" tb-cta-banner tb-block align-left background-light pattern-none variant-none tb-collapsible-margins\" id=\"cta-banner-1\">\n    <div class=\"inner-block\">\n        <a href=\"http:\/\/albanianomads.com\/fr\/#route\" class=\"tb-cta-banner__link\" target=\"_blank\" title=\"\">\n            <div class=\"icon\"><i class=\"fa-solid fa-arrow-right\"><\/i><\/div>\n            <div class=\"text-part\">\n                                    <strong>D\u00e9couvrir le circuit Albania Nomads<\/strong>\n                                                    <span>Un itin\u00e9raire complet d&rsquo;une semaine en Albanie entre plages, montagnes et villages traditionnels<\/span>\n                            <\/div>\n        <\/a>\n    <\/div>\n<\/div>\n\n\n<div class=\" tb-wysiwyg tb-block align-left background-light pattern-none variant-none tb-collapsible-margins\" id=\"wysiwyg-5\">\n    <div class=\"inner-block\">\n        <div class=\"tb-wysiwyg__inner \">\n            <div class=\"inner-block\">\n                                <div class=\"text-part wysiwyg\">\n                                            <h2>\u00c9t\u00e9 en Albanie (juillet-ao\u00fbt) : la p\u00e9riode id\u00e9ale<\/h2>                        <h3>Quand l&rsquo;Albanie rayonne<\/h3>                                        \t\t<div class=\"translation-block\"><p><span style=\"font-weight: 400\"><strong>L&rsquo;\u00e9t\u00e9 albanais, c&rsquo;est la garantie d&rsquo;un voyage r\u00e9ussi !<\/strong> Avec plus de 300 jours de soleil par an sur la c\u00f4te, vous profitez d&rsquo;un temps radieux et stable. Les temp\u00e9ratures oscillent entre <strong>25-30\u00b0C<\/strong>, parfaites pour toutes les activit\u00e9s.<\/span><\/p>\n<p><span style=\"font-weight: 400\">C&rsquo;est durant cette p\u00e9riode que le pays r\u00e9v\u00e8le toute sa splendeur ! Les festivals battent leur plein, les restaurants ouvrent leurs terrasses, les sites touristiques fonctionnent \u00e0 plein r\u00e9gime. Vous vivez l&rsquo;Albanie dans toute son <strong>authenticit\u00e9 estivale.<\/strong><\/span><\/p><\/div>\n\t                <\/div>\n            <\/div>\n        <\/div>\n    <\/div>\n<\/div>\n\n\n<div class=\" tb-wysiwyg tb-block align-left background-light pattern-none variant-none tb-collapsible-margins\" id=\"wysiwyg-6\">\n    <div class=\"inner-block\">\n        <div class=\"tb-wysiwyg__inner \">\n            <div class=\"inner-block\">\n                                <div class=\"text-part wysiwyg\">\n                                                                    <h3>Pourquoi l&rsquo;\u00e9t\u00e9 reste incontournable<\/h3>                                        \t\t<div class=\"translation-block\"><p><span style=\"font-weight: 400\"><strong>Juillet-ao\u00fbt<\/strong> repr\u00e9sente la p\u00e9riode o\u00f9 l&rsquo;Albanie devient pleinement accessible ! Tous les refuges de montagne ouvrent leurs portes, les routes secondaires deviennent praticables, les bateaux vers les plages secr\u00e8tes naviguent quotidiennement.<\/span><\/p>\n<p><span style=\"font-weight: 400\"><strong>La mer Ionienne atteint sa temp\u00e9rature id\u00e9ale de 26\u00b0C<\/strong>, transformant chaque baignade en pur bonheur. Les soir\u00e9es restent douces jusqu&rsquo;\u00e0 tard, permettant de profiter pleinement de l&rsquo;art de vivre albanais.<\/span><\/p>\n<p><em><span style=\"font-weight: 400\">C&rsquo;est durant cette saison magique que <a href=\"http:\/\/albanianomads.com\/fr\/\">notre circuit Albania Nomads<\/a> r\u00e9v\u00e8lent tous ses secrets : imaginez-vous contempler un coucher de soleil \u00e0 20h30 depuis votre tente de toit, pendant que les bergers redescendent leurs troupeaux dans la lumi\u00e8re dor\u00e9e !<\/span>\u00a0<\/em><\/p><\/div>\n\t                <\/div>\n            <\/div>\n        <\/div>\n    <\/div>\n<\/div>\n\n\n<div class=\" tb-wysiwyg tb-block align-left background-light pattern-none variant-none tb-collapsible-margins\" id=\"wysiwyg-7\">\n    <div class=\"inner-block\">\n        <div class=\"tb-wysiwyg__inner \">\n            <div class=\"inner-block\">\n                                <div class=\"text-part wysiwyg\">\n                                                                    <h3>L&rsquo;affluence estivale, un avantage<\/h3>                                        \t\t<div class=\"translation-block\"><p>Contrairement aux id\u00e9es re\u00e7ues, l&rsquo;affluence estivale en Albanie permet de <strong>d\u00e9couvrir le pays dans son authenticit\u00e9<\/strong> ! C&rsquo;est quand les Albanais vivent pleinement leur culture que vous saisissez l&rsquo;\u00e2me du pays.<\/p>\n<p class=\"whitespace-normal break-words\">Les festivals, les march\u00e9s anim\u00e9s, les soir\u00e9es en terrasse font partie int\u00e9grante de l&rsquo;exp\u00e9rience albanaise. Cette <strong>effervescence<\/strong> enrichit votre voyage plut\u00f4t qu&rsquo;elle ne le g\u00e2che.<\/p><\/div>\n\t                <\/div>\n            <\/div>\n        <\/div>\n    <\/div>\n<\/div>\n\n\n<div class=\" tb-simple-gallery tb-block align-center background-light pattern-none variant-2-vertical-1-horizontal tb-collapsible-margins\" id=\"simple-gallery-1\">\n\t\t\t<div class=\"tb-simple-gallery__images\">\n\t\t\t\t\t\t\t\t\t\t\t\t\t\t\t\t\t\t\t\t\t\t<div class=\"tb-simple-gallery__image tb-simple-gallery__image--vertical\">\n\t\t\t\t\t\t<div class=\"tb-image-part\">\n\t\t\t\t\t\t\t<figure>\n\t\t\t\t\t\t\t\t<img src='https:\/\/albn.travelblox.eu\/wp-content\/uploads\/sites\/115\/2024\/11\/ALBN25_DAY4-scaled.jpg' width='1920' height='2560' alt='Water Mountains Women' loading='lazy'>\t\t\t\t\t\t\t\t\t\t\t\t\t\t\t<\/figure>\n\t\t\t\t\t\t<\/div>\n\t\t\t\t\t<\/div>\n\t\t\t\t\t\t\t\t\t\t\t\t\t\t\t\t\t\t\t<div class=\"tb-simple-gallery__image tb-simple-gallery__image--vertical\">\n\t\t\t\t\t\t<div class=\"tb-image-part\">\n\t\t\t\t\t\t\t<figure>\n\t\t\t\t\t\t\t\t<img src='https:\/\/albn.travelblox.eu\/wp-content\/uploads\/sites\/115\/2024\/11\/ALBANIA2-scaled.jpg' width='2560' height='1920' alt='Water Jump Albania' loading='lazy'>\t\t\t\t\t\t\t\t\t\t\t\t\t\t\t<\/figure>\n\t\t\t\t\t\t<\/div>\n\t\t\t\t\t<\/div>\n\t\t\t\t\t\t\t\t\t\t\t\t<\/div>\n\t<\/div>\n\n\n<div class=\" tb-wysiwyg tb-block align-left background-light pattern-none variant-none tb-collapsible-margins\" id=\"wysiwyg-8\">\n    <div class=\"inner-block\">\n        <div class=\"tb-wysiwyg__inner \">\n            <div class=\"inner-block\">\n                                <div class=\"text-part wysiwyg\">\n                                            <h2>Printemps en Albanie (avril-juin) : nature en \u00e9veil<\/h2>                        <h3>R\u00e9veil spectaculaire de la nature<\/h3>                                        \t\t<div class=\"translation-block\"><p class=\"whitespace-normal break-words\">Le printemps albanais offre <strong>des paysages \u00e0 couper le souffle<\/strong> ! Les montagnes se parent de fleurs sauvages, les cascades gonflent gr\u00e2ce \u00e0 la fonte des neiges, les prairies explosent de couleurs vives.<\/p>\n<p class=\"whitespace-normal break-words\"><strong>Juin<\/strong> m\u00e9rite une mention sp\u00e9ciale avec l&rsquo;\u00e9quilibre parfait entre chaleur agr\u00e9able (20-25\u00b0C) et fr\u00e9quentation raisonnable. La mer atteint 22\u00b0C, id\u00e9al pour les premi\u00e8res baignades.<\/p>\n<p>&nbsp;<\/p>\n<h3>Les d\u00e9fis logistiques du printemps<\/h3>\n<p class=\"whitespace-normal break-words\">Cette p\u00e9riode pr\u00e9sente des <strong>contraintes importantes<\/strong>. Nombreux sont les h\u00e9bergements, restaurants et services touristiques qui restent ferm\u00e9s jusqu&rsquo;en juin. <strong>L&rsquo;infrastructure touristique fonctionne au ralenti.<\/strong><\/p>\n<p class=\"whitespace-normal break-words\">Les <strong>routes de montagne<\/strong> demeurent souvent impraticables jusqu&rsquo;en mai. Les <strong>refuges<\/strong> des Alpes albanaises ouvrent tardivement, limitant les possibilit\u00e9s de randonn\u00e9e. La <strong>m\u00e9t\u00e9o<\/strong> reste capricieuse avec des averses fr\u00e9quentes.<\/p><\/div>\n\t                <\/div>\n            <\/div>\n        <\/div>\n    <\/div>\n<\/div>\n\n\n<div class=\" tb-wysiwyg tb-block align-left background-light pattern-none variant-none tb-collapsible-margins\" id=\"wysiwyg-9\">\n    <div class=\"inner-block\">\n        <div class=\"tb-wysiwyg__inner \">\n            <div class=\"inner-block\">\n                                <div class=\"text-part wysiwyg\">\n                                            <h2>Automne en Albanie (septembre-octobre) : fin de saison<\/h2>                        <h3>Les beaux restes de l&rsquo;\u00e9t\u00e9<\/h3>                                        \t\t<div class=\"translation-block\"><p class=\"whitespace-normal break-words\">L&rsquo;automne albanais garde encore de beaux atouts avec des <strong>temp\u00e9ratures agr\u00e9ables<\/strong> autour de 20-25\u00b0C. Les paysages se parent de <strong>couleurs automnales<\/strong> magnifiques, particuli\u00e8rement en montagne.<\/p>\n<p class=\"whitespace-normal break-words\"><strong>Septembre<\/strong> reste excellent avec une mer encore chaude (24\u00b0C) mais des plages qui se vident progressivement. C&rsquo;est la p\u00e9riode pr\u00e9f\u00e9r\u00e9e des connaisseurs !<\/p>\n<p>&nbsp;<\/p>\n<h3 class=\"text-lg font-bold text-text-100 mt-1 -mb-1.5\">Fermeture progressive des services<\/h3>\n<p class=\"whitespace-normal break-words\"><strong>Attention<\/strong>, d\u00e8s octobre commence la fermeture progressive des services touristiques ! Nombreux <strong>h\u00f4tels<\/strong> baissent le rideau, les <strong>restaurants<\/strong> r\u00e9duisent leurs horaires, les <strong>activit\u00e9s<\/strong> <strong>ext\u00e9rieures<\/strong> cessent progressivement.<\/p>\n<p class=\"whitespace-normal break-words\">La <strong>mer commence \u00e0 se rafra\u00eechir<\/strong> (20\u00b0C en octobre), raccourcissant la saison baln\u00e9aire. Les <strong>journ\u00e9es raccourcissent rapidement<\/strong>, r\u00e9duisant le temps disponible pour les activit\u00e9s.<\/p><\/div>\n\t                <\/div>\n            <\/div>\n        <\/div>\n    <\/div>\n<\/div>\n\n\n<div class=\" tb-image tb-block align-none background-light pattern-none variant-none\" id=\"image-1\">\n\t<figure>\n\t\t\t\t<img src='https:\/\/albn.travelblox.eu\/wp-content\/uploads\/sites\/115\/2024\/11\/ALBN_GALLERY_4-scaled.jpg' width='2560' height='1920' alt='Road Albania Nomads Nature Car Sky' loading='lazy'>\t\t\t\t\t<\/figure>\n<\/div>\n\n\n<div class=\" tb-wysiwyg tb-block align-left background-light pattern-none variant-none tb-collapsible-margins\" id=\"wysiwyg-10\">\n    <div class=\"inner-block\">\n        <div class=\"tb-wysiwyg__inner \">\n            <div class=\"inner-block\">\n                                <div class=\"text-part wysiwyg\">\n                                            <h2>Hiver en Albanie (novembre-mars) : p\u00e9riode creuse<\/h2>                        <h3>Pause dans l&rsquo;activit\u00e9 touristique<\/h3>                                        \t\t<div class=\"translation-block\"><p><span style=\"font-weight: 400\">L&rsquo;<strong>hiver albanais<\/strong> marque une v\u00e9ritable pause dans l&rsquo;activit\u00e9 touristique ! Les temp\u00e9ratures chutent (5-15\u00b0C), les pluies deviennent fr\u00e9quentes, particuli\u00e8rement sur la c\u00f4te.<\/span><\/p>\n<p><span style=\"font-weight: 400\">La majorit\u00e9 des <strong>infrastructures touristiques<\/strong> ferment leurs portes. H\u00f4tels, restaurants, centres d&rsquo;activit\u00e9s entrent en hibernation, rendant l&rsquo;organisation du voyage complexe.<\/span><\/p>\n<p>&nbsp;<\/p>\n<h3><span style=\"font-weight: 400\">D\u00e9fis hivernaux<\/span><\/h3>\n<p><span style=\"font-weight: 400\">Les <strong>routes de montagne<\/strong> deviennent impraticables d\u00e8s les premi\u00e8res neiges. Les <strong>transports publics<\/strong> r\u00e9duisent drastiquement leurs fr\u00e9quences. <strong>L&rsquo;offre d&rsquo;h\u00e9bergement<\/strong> se limite aux grandes villes.<\/span><\/p>\n<p><span style=\"font-weight: 400\">Seuls les plus aventuriers tentent l&rsquo;exp\u00e9rience hivernale, <strong>souvent d\u00e9\u00e7us<\/strong> par les fermetures et les conditions m\u00e9t\u00e9orologiques difficiles.<\/span><\/p><\/div>\n\t                <\/div>\n            <\/div>\n        <\/div>\n    <\/div>\n<\/div>\n\n\n<div class=\" tb-image tb-block align-none background-light pattern-none variant-none\" id=\"image-2\">\n\t<figure>\n\t\t\t\t<img src='https:\/\/albn.travelblox.eu\/wp-content\/uploads\/sites\/115\/2025\/03\/DSC_0191-scaled.jpg' width='2560' height='1714' loading='lazy'>\t\t\t\t\t<\/figure>\n<\/div>\n\n\n<div class=\" tb-wysiwyg tb-block align-left background-light pattern-none variant-none tb-collapsible-margins\" id=\"wysiwyg-11\">\n    <div class=\"inner-block\">\n        <div class=\"tb-wysiwyg__inner \">\n            <div class=\"inner-block\">\n                                <div class=\"text-part wysiwyg\">\n                                            <h2>Que faire en Albanie selon la saison<\/h2>                        <h3>Activit\u00e9s baln\u00e9aires : juin \u00e0 septembre<\/h3>                                        \t\t<div class=\"translation-block\"><p><span style=\"font-weight: 400\">La c\u00f4te albanaise r\u00e9v\u00e8le son potentiel maximal de <strong>juin \u00e0 septembre<\/strong> ! L&rsquo;eau atteint sa temp\u00e9rature optimale (24-26\u00b0C), toutes les plages sont accessibles, les clubs de plage fonctionnent, les sports nautiques sont disponibles.<\/span><\/p>\n<p><span style=\"font-weight: 400\">Hors de cette p\u00e9riode, l&rsquo;exp\u00e9rience baln\u00e9aire reste limit\u00e9e avec une eau froide et des services ferm\u00e9s.<\/span><\/p>\n<p>&nbsp;<\/p>\n<h3 class=\"text-lg font-bold text-text-100 mt-1 -mb-1.5\">Randonn\u00e9e en montagne : juillet-ao\u00fbt exclusivement<\/h3>\n<p><span style=\"font-weight: 400\">Les Alpes albanaises ne s&rsquo;ouvrent pleinement qu&rsquo;en <strong>juillet-ao\u00fbt<\/strong> ! C&rsquo;est la seule p\u00e9riode o\u00f9 tous les sentiers sont praticables, les refuges ouverts, les conditions m\u00e9t\u00e9o optimales.<\/span><\/p>\n<p><span style=\"font-weight: 400\">Les autres saisons pr\u00e9sentent des risques importants : neige, sentiers boueux, refuges ferm\u00e9s, m\u00e9t\u00e9o impr\u00e9visible.<\/span><\/p>\n<p>&nbsp;<\/p>\n<h3 class=\"text-lg font-bold text-text-100 mt-1 -mb-1.5\">D\u00e9couverte culturelle : toute la belle saison<\/h3>\n<p><span style=\"font-weight: 400\"><strong>L&rsquo;\u00e9t\u00e9<\/strong> reste la p\u00e9riode privil\u00e9gi\u00e9e pour d\u00e9couvrir le patrimoine albanais ! Tous les sites sont accessibles, les mus\u00e9es ouvrent en grand, les festivals animent les villes historiques.<\/span><\/p><\/div>\n\t                <\/div>\n            <\/div>\n        <\/div>\n    <\/div>\n<\/div>\n\n\n<div class=\" tb-cta-banner tb-block align-left background-light pattern-none variant-none tb-collapsible-margins\" id=\"cta-banner-2\">\n    <div class=\"inner-block\">\n        <a href=\"http:\/\/albanianomads.com\/fr\/#activities\" class=\"tb-cta-banner__link\" target=\"_blank\" title=\"\">\n            <div class=\"icon\"><i class=\"fa-solid fa-arrow-right\"><\/i><\/div>\n            <div class=\"text-part\">\n                                    <strong>Envie de faire les incontournables en Albanie ?<\/strong>\n                                                    <span>Parapente, rafting ou encore cours de cuisine, tout cela est possible lors de notre road trip Albania Nomads<\/span>\n                            <\/div>\n        <\/a>\n    <\/div>\n<\/div>\n\n\n<div class=\" tb-simple-gallery tb-block align-center background-light pattern-none variant-2-vertical-1-horizontal tb-collapsible-margins\" id=\"simple-gallery-2\">\n\t\t\t<div class=\"tb-simple-gallery__images\">\n\t\t\t\t\t\t\t\t\t\t\t\t\t\t\t\t\t\t\t\t\t\t<div class=\"tb-simple-gallery__image tb-simple-gallery__image--vertical\">\n\t\t\t\t\t\t<div class=\"tb-image-part\">\n\t\t\t\t\t\t\t<figure>\n\t\t\t\t\t\t\t\t<img src='https:\/\/albn.travelblox.eu\/wp-content\/uploads\/sites\/115\/2025\/04\/pexels-photo-2162768.jpeg' width='1124' height='750' alt='Quoi faire en Albanie : parapente Vl\u00f6re Albanie' style='object-position:50% 50%' loading='lazy'>\t\t\t\t\t\t\t\t\t\t\t\t\t\t\t<\/figure>\n\t\t\t\t\t\t<\/div>\n\t\t\t\t\t<\/div>\n\t\t\t\t\t\t\t\t\t\t\t\t\t\t\t\t\t\t\t<div class=\"tb-simple-gallery__image tb-simple-gallery__image--vertical\">\n\t\t\t\t\t\t<div class=\"tb-image-part\">\n\t\t\t\t\t\t\t<figure>\n\t\t\t\t\t\t\t\t<img src='https:\/\/albn.travelblox.eu\/wp-content\/uploads\/sites\/115\/2025\/04\/image00001-min-scaled-e1746006036616.jpeg' width='2492' height='1604' alt='rafting vjosa river' style='object-position:50% 50%' loading='lazy'>\t\t\t\t\t\t\t\t\t\t\t\t\t\t\t<\/figure>\n\t\t\t\t\t\t<\/div>\n\t\t\t\t\t<\/div>\n\t\t\t\t\t\t\t\t\t\t\t\t<\/div>\n\t<\/div>\n\n\n<div class=\" tb-wysiwyg tb-block align-left background-light pattern-none variant-none tb-collapsible-margins\" id=\"wysiwyg-12\">\n    <div class=\"inner-block\">\n        <div class=\"tb-wysiwyg__inner \">\n            <div class=\"inner-block\">\n                                <div class=\"text-part wysiwyg\">\n                                            <h2>Conseils pratiques par saison<\/h2>                        <h3>Pr\u00e9paration du voyage<\/h3>                                        \t\t<div class=\"translation-block\"><p><span style=\"font-weight: 400\"><strong>L&rsquo;\u00e9t\u00e9<\/strong> albanais demande une <strong>protection solaire<\/strong> s\u00e9rieuse ! Cr\u00e8me indice 50, chapeau, lunettes de soleil sont indispensables. Le soleil des Balkans tape fort, particuli\u00e8rement en altitude. <\/span><span style=\"font-weight: 400\">Pr\u00e9voyez des v\u00eatements l\u00e9gers mais aussi une veste pour les soir\u00e9es en montagne. Les <strong>\u00e9carts de temp\u00e9rature<\/strong> entre c\u00f4te et altitude peuvent surprendre.<\/span><\/p>\n<p><span style=\"font-weight: 400\"><strong>Hors \u00e9t\u00e9<\/strong>, chaque voyage demande une pr\u00e9paration minutieuse ! V\u00e9rifiez les ouvertures, pr\u00e9voyez des alternatives, gardez de la <strong>flexibilit\u00e9 dans votre planning<\/strong>.<\/span><\/p>\n<p>&nbsp;<\/p>\n<h3 class=\"text-lg font-bold text-text-100 mt-1 -mb-1.5\">Budget du voyage<\/h3>\n<p class=\"whitespace-normal break-words\"><strong>L&rsquo;\u00e9t\u00e9<\/strong>\u00a0repr\u00e9sente certes la p\u00e9riode la plus ch\u00e8re, mais aussi celle o\u00f9 vous en avez le plus pour votre argent ! Tous les services fonctionnent, toutes les exp\u00e9riences sont disponibles, le rapport qualit\u00e9-prix reste excellent.<\/p>\n<p class=\"whitespace-normal break-words\">Comptez environ <strong>30% de plus qu&rsquo;en basse saison<\/strong>, mais avec une offre d\u00e9cupl\u00e9e et une qualit\u00e9 de service optimale. Les tarifs attractifs hors saison cachent souvent des d\u00e9ceptions !<\/p><\/div>\n\t                <\/div>\n            <\/div>\n        <\/div>\n    <\/div>\n<\/div>\n\n\n<div class=\" tb-cta-banner tb-block align-left background-light pattern-none variant-none tb-collapsible-margins\" id=\"cta-banner-3\">\n    <div class=\"inner-block\">\n        <a href=\"http:\/\/albanianomads.com\/fr\/\" class=\"tb-cta-banner__link\" target=\"_blank\" title=\"\">\n            <div class=\"icon\"><i class=\"fa-solid fa-arrow-right\"><\/i><\/div>\n            <div class=\"text-part\">\n                                    <strong>D\u00e9couvrir le road trip Albania Nomads\u00a0<\/strong>\n                                                    <span>Un circuit de 7 jours en Albanie \u00e0 bord d&rsquo;un SUV avec tente de toit \u00e0 partir de 710 \u20ac<\/span>\n                            <\/div>\n        <\/a>\n    <\/div>\n<\/div>\n\n\n<div class=\" tb-image tb-block align-none background-light pattern-none variant-none\" id=\"image-3\">\n\t<figure>\n\t\t\t\t<img src='https:\/\/albn.travelblox.eu\/wp-content\/uploads\/sites\/115\/2024\/11\/AN_WEBSITE-BACKGROUND-VIDEO_16x9_HEADER-IMAGE.jpg' width='1920' height='1080' loading='lazy'>\t\t\t\t\t<\/figure>\n<\/div>\n\n\n<div class=\" tb-wysiwyg tb-block align-left background-light pattern-none variant-none tb-collapsible-margins\" id=\"wysiwyg-13\">\n    <div class=\"inner-block\">\n        <div class=\"tb-wysiwyg__inner \">\n            <div class=\"inner-block\">\n                                <div class=\"text-part wysiwyg\">\n                                            <h2>Notre recommandation : juillet-ao\u00fbt pour un premier voyage<\/h2>                                                                \t\t<div class=\"translation-block\"><p><span style=\"font-weight: 400\">Pour un premier voyage en Albanie, <strong>l&rsquo;\u00e9t\u00e9 s&rsquo;impose<\/strong> naturellement ! C&rsquo;est la p\u00e9riode o\u00f9 ce pays des Balkans r\u00e9v\u00e8le toute sa splendeur, o\u00f9 chaque r\u00e9gion d\u00e9voile son caract\u00e8re unique, o\u00f9 l&rsquo;exp\u00e9rience voyage atteint son maximum.<\/span><\/p>\n<p><span style=\"font-weight: 400\"><strong>Juillet-ao\u00fbt<\/strong> vous garantit de d\u00e9couvrir l&rsquo;Albanie sous son meilleur jour : soleil radieux, mer cristalline, montagnes accessibles, culture vivante, infrastructure touristique au top.<\/span><\/p>\n<p><span style=\"font-weight: 400\">Certes, vous ne serez pas seul, mais vous vivrez l&rsquo;Albanie authentique, celle qui vibre et qui enchante. <\/span><span style=\"font-weight: 400\">C&rsquo;est durant cette p\u00e9riode magique que nous organisons <a href=\"http:\/\/albanianomads.com\/fr\/\">le road trip Albania Nomads<\/a>\u00a0 !<\/span><\/p>\n<p><span style=\"font-weight: 400\">L&rsquo;Albanie estivale, c&rsquo;est <strong>la garantie d&rsquo;un voyage r\u00e9ussi<\/strong> o\u00f9 chaque jour apporte son lot de d\u00e9couvertes et d&rsquo;\u00e9motions. O\u00f9 aller en Albanie ? Partout, car tout est accessible et magnifique !<\/span><\/p>\n<p><em><span style=\"font-weight: 400\">Pour vivre cette exp\u00e9rience optimale avec un accompagnement expert, <a href=\"http:\/\/albanianomads.com\/fr\/\">notre circuit Albania Nomads<\/a> est sp\u00e9cialement con\u00e7u pour vous faire d\u00e9couvrir le meilleur de l&rsquo;Albanie pendant la p\u00e9riode id\u00e9ale.<\/span><\/em><\/p><\/div>\n\t                <\/div>\n            <\/div>\n        <\/div>\n    <\/div>\n<\/div>","protected":false},"excerpt":{"rendered":"","protected":false},"author":114,"featured_media":229,"comment_status":"closed","ping_status":"closed","sticky":false,"template":"","format":"standard","meta":{"_acf_changed":false,"inline_featured_image":false,"footnotes":""},"class_list":["post-354","post","type-post","status-publish","format-standard","has-post-thumbnail","hentry","team-member-sophie","blog-category-tips-tricks"],"acf":[],"_links":{"self":[{"href":"https:\/\/albn.travelblox.eu\/fr\/wp-json\/wp\/v2\/posts\/354","targetHints":{"allow":["GET"]}}],"collection":[{"href":"https:\/\/albn.travelblox.eu\/fr\/wp-json\/wp\/v2\/posts"}],"about":[{"href":"https:\/\/albn.travelblox.eu\/fr\/wp-json\/wp\/v2\/types\/post"}],"author":[{"embeddable":true,"href":"https:\/\/albn.travelblox.eu\/fr\/wp-json\/wp\/v2\/users\/114"}],"replies":[{"embeddable":true,"href":"https:\/\/albn.travelblox.eu\/fr\/wp-json\/wp\/v2\/comments?post=354"}],"version-history":[{"count":46,"href":"https:\/\/albn.travelblox.eu\/fr\/wp-json\/wp\/v2\/posts\/354\/revisions"}],"predecessor-version":[{"id":1074,"href":"https:\/\/albn.travelblox.eu\/fr\/wp-json\/wp\/v2\/posts\/354\/revisions\/1074"}],"wp:featuredmedia":[{"embeddable":true,"href":"https:\/\/albn.travelblox.eu\/fr\/wp-json\/wp\/v2\/media\/229"}],"wp:attachment":[{"href":"https:\/\/albn.travelblox.eu\/fr\/wp-json\/wp\/v2\/media?parent=354"}],"curies":[{"name":"wp","href":"https:\/\/api.w.org\/{rel}","templated":true}]}}