{"id":1017,"date":"2025-12-16T09:49:07","date_gmt":"2025-12-16T09:49:07","guid":{"rendered":"https:\/\/albn.travelblox.eu\/?p=1017"},"modified":"2025-12-18T12:08:05","modified_gmt":"2025-12-18T12:08:05","slug":"les-incontournables-de-tirana-capitale-albanie","status":"publish","type":"post","link":"https:\/\/albn.travelblox.eu\/fr\/les-incontournables-de-tirana-capitale-albanie\/","title":{"rendered":"D\u00e9couvrir Tirana : Les incontournables de la capitale de l\u2019Albanie pleine de couleurs et de culture"},"content":{"rendered":"\n<div class=\" tb-wysiwyg tb-block align-left background-light pattern-none variant-none tb-collapsible-margins\" id=\"wysiwyg\">\n    <div class=\"inner-block\">\n        <div class=\"tb-wysiwyg__inner \">\n            <div class=\"inner-block\">\n                                <div class=\"text-part wysiwyg\">\n                                                                                                            \t\t<div class=\"translation-block\"><p><span style=\"font-weight: 400\">Vous cherchez une destination europ\u00e9enne encore m\u00e9connue, pleine d\u2019\u00e9nergie et d\u2019authenticit\u00e9 ? Ne passez surtout pas \u00e0 c\u00f4t\u00e9 de <\/span><b>Tirana<\/b><span style=\"font-weight: 400\"><strong>, la capitale de l\u2019Albanie<\/strong>. C\u2019est une ville fascinante, o\u00f9 <\/span><b>architecture color\u00e9e, histoire mouvement\u00e9e et culture du caf\u00e9<\/b><span style=\"font-weight: 400\"> se m\u00ealent pour cr\u00e9er une atmosph\u00e8re unique.<\/span><\/p>\n<p><span style=\"font-weight: 400\"> De plus en plus de voyageurs choisissent de faire un <\/span><a href=\"https:\/\/albanianomads.com\/fr\/\" target=\"_blank\" rel=\"noopener\"><b>road trip en Albanie<\/b><\/a><span style=\"font-weight: 400\">, et la plupart commencent ou terminent leur aventure \u00e0 Tirana. Dans cet article, nous vous emmenons \u00e0 la d\u00e9couverte des <\/span><b>plus beaux lieux \u00e0 visiter \u00e0 Tirana<\/b><span style=\"font-weight: 400\"> et vous donnons <\/span><b>nos meilleurs conseils<\/b><span style=\"font-weight: 400\"> pour profiter pleinement de votre s\u00e9jour.<\/span><\/p><\/div>\n\t                <\/div>\n            <\/div>\n        <\/div>\n    <\/div>\n<\/div>\n\n\n<div class=\" tb-wysiwyg tb-block align-left background-light pattern-none variant-none tb-collapsible-margins\" id=\"wysiwyg-1\">\n    <div class=\"inner-block\">\n        <div class=\"tb-wysiwyg__inner tb-wysiwyg__inner--highlight\">\n            <div class=\"inner-block\">\n                                    <!-- <div class=\"icon\">\n                    <img decoding=\"async\" src=\"\/var\/www\/prod\/public_html\/wp-content\/plugins\/tbx-plugin\/blox\/wysiwyg\/..\/..\/images\/wave-1.php \" alt=\"Lamp icon\"\/>\n                <\/div> -->\n                    <div class=\"icon\">\n                        <i class=\"fa-kit fa-tb-lightbulb\"><\/i>\n                    <\/div>\n                                <div class=\"text-part wysiwyg\">\n                                            <h4>Les conseils de l&rsquo;\u00e9quipe<\/h4>                                        \t\t<div class=\"translation-block\"><ul>\n<li><strong>Incontournables<\/strong> : Place Skanderbeg, Bunk\u2019Art, Grand Park<\/li>\n<li><strong>C\u00f4t\u00e9 culinaire<\/strong> : march\u00e9 Pazari i Ri, qofte et tav\u00eb kosi traditionnels<\/li>\n<li><strong>Sorties<\/strong> : quartier de Blloku avec rooftop bars et clubs<\/li>\n<li><strong>Acc\u00e8s<\/strong> : \u00e0 17 km de l\u2019a\u00e9roport, centre-ville compact<\/li>\n<li><strong>P\u00e9riodes id\u00e9ales<\/strong> : avril\u2013juin ou septembre\u2013octobre<\/li>\n<li>C\u2019est l\u2019endroit id\u00e9al pour commencer et\/ou terminer votre <a href=\"https:\/\/albanianomads.com\/fr\/\" target=\"_blank\" rel=\"noopener\">road trip \u00e0 travers l\u2019Albanie<\/a>.\n<div class=\"flex flex-col text-sm pb-25\">\n<article class=\"text-token-text-primary w-full focus:outline-none [--shadow-height:45px] has-data-writing-block:pointer-events-none has-data-writing-block:-mt-(--shadow-height) has-data-writing-block:pt-(--shadow-height) [&amp;:has([data-writing-block])&gt;*]:pointer-events-auto scroll-mt-[calc(var(--header-height)+min(200px,max(70px,20svh)))]\" dir=\"auto\" data-turn-id=\"request-WEB:c05a4a0c-e888-4cef-9cbd-81231a6c7c94-2\" data-testid=\"conversation-turn-6\" data-scroll-anchor=\"true\" data-turn=\"assistant\">\n<div class=\"text-base my-auto mx-auto pb-10 [--thread-content-margin:--spacing(4)] @w-sm\/main:[--thread-content-margin:--spacing(6)] @w-lg\/main:[--thread-content-margin:--spacing(16)] px-(--thread-content-margin)\">\n<div class=\"[--thread-content-max-width:40rem] @w-lg\/main:[--thread-content-max-width:48rem] mx-auto max-w-(--thread-content-max-width) flex-1 group\/turn-messages focus-visible:outline-hidden relative flex w-full min-w-0 flex-col agent-turn\">\n<div class=\"z-0 flex min-h-[46px] justify-start\"><\/div>\n<div class=\"mt-3 w-full empty:hidden\">\n<div class=\"text-center\"><\/div>\n<\/div>\n<\/div>\n<\/div>\n<\/article>\n<\/div>\n<div class=\"pointer-events-none h-px w-px absolute bottom-0\" aria-hidden=\"true\" data-edge=\"true\"><\/div>\n<\/li>\n<\/ul><\/div>\n\t                <\/div>\n            <\/div>\n        <\/div>\n    <\/div>\n<\/div>\n\n\n<div class=\" tb-cta-banner tb-block align-left background-light pattern-none variant-none tb-collapsible-margins\" id=\"cta-banner\">\n    <div class=\"inner-block\">\n        <a href=\"http:\/\/albanianomads.com\/fr\/\" class=\"tb-cta-banner__link\" target=\"_blank\" title=\"\">\n            <div class=\"icon\"><i class=\"fa-solid fa-arrow-right\"><\/i><\/div>\n            <div class=\"text-part\">\n                                    <strong>D\u00e9couvrir l&rsquo;Albanie ?<\/strong>\n                                                    <span>Faites un road trip de 7 jours avec tente de toit avec Albania Nomads<\/span>\n                            <\/div>\n        <\/a>\n    <\/div>\n<\/div>\n\n\n<div class=\" tb-image tb-block align-none background-light pattern-none variant-none\" id=\"image\">\n\t<figure>\n\t\t\t\t<img src='https:\/\/albn.travelblox.eu\/wp-content\/uploads\/sites\/115\/2025\/10\/SiliquiniLaura-Travelbase-AlbaniaNomads20250722-6724.jpg' width='2048' height='1365' loading='lazy'>\t\t\t\t\t<\/figure>\n<\/div>\n\n\n<div class=\" tb-wysiwyg tb-block align-left background-light pattern-none variant-none tb-collapsible-margins\" id=\"wysiwyg-2\">\n    <div class=\"inner-block\">\n        <div class=\"tb-wysiwyg__inner \">\n            <div class=\"inner-block\">\n                                <div class=\"text-part wysiwyg\">\n                                            <h2>Pourquoi Tirana est le point de d\u00e9part id\u00e9al pour votre voyage en Albanie<\/h2>                                                                \t\t<div class=\"translation-block\"><p><span style=\"font-weight: 400\">La capitale albanaise a connu une <\/span><b>transformation spectaculaire<\/b><span style=\"font-weight: 400\">. Autrefois marqu\u00e9e par une architecture grise h\u00e9rit\u00e9e du communisme, elle affiche aujourd\u2019hui une explosion de couleurs qui refl\u00e8te l\u2019esprit optimiste de ses habitants. <\/span><\/p>\n<p><span style=\"font-weight: 400\">Sous l\u2019impulsion de l\u2019ancien maire et artiste <\/span><b>Edi Rama<\/b><span style=\"font-weight: 400\">, des milliers de b\u00e2timents ont \u00e9t\u00e9 repeints dans des tons vifs et des motifs audacieux. R\u00e9sultat : Tirana offre une <\/span><b>esth\u00e9tique unique en Europe<\/b><span style=\"font-weight: 400\">.<\/span><\/p>\n<p><span style=\"font-weight: 400\">Ce qui rend la ville si agr\u00e9able lors d\u2019<a href=\"https:\/\/albanianomads.com\/fr\/\" target=\"_blank\" rel=\"noopener\">un road trip en Albanie<\/a>, c\u2019est son <\/span><b>m\u00e9lange parfait entre authenticit\u00e9 et accessibilit\u00e9<\/b><span style=\"font-weight: 400\">. Assez compacte pour se visiter en quelques jours, elle rec\u00e8le pourtant une \u00e9tonnante diversit\u00e9 : mus\u00e9es historiques, galeries d\u2019art modernes, bars en rooftop et march\u00e9s traditionnels&#8230; Tirana a tout pour plaire.<\/span><\/p><\/div>\n\t                <\/div>\n            <\/div>\n        <\/div>\n    <\/div>\n<\/div>\n\n\n<div class=\" tb-wysiwyg tb-block align-left background-light pattern-none variant-none tb-collapsible-margins\" id=\"wysiwyg-3\">\n    <div class=\"inner-block\">\n        <div class=\"tb-wysiwyg__inner \">\n            <div class=\"inner-block\">\n                                <div class=\"text-part wysiwyg\">\n                                            <h2>\u00c0 voir absolument \u00e0 Tirana : les incontournables<\/h2>                                                                \t\t<div class=\"translation-block\"><h4><b>1. Place Skanderbeg : le c\u0153ur battant de la ville<\/b><\/h4>\n<p><span style=\"font-weight: 400\">C\u2019est ici que commence toute d\u00e9couverte de Tirana. Cette vaste place, d\u00e9di\u00e9e au h\u00e9ros national <\/span><b>Gjergj Kastrioti Skanderbeg<\/b><span style=\"font-weight: 400\">, est le <\/span><b>centre social et culturel<\/b><span style=\"font-weight: 400\"> de la capitale.<\/span><\/p>\n<p><span style=\"font-weight: 400\">\u00c0 ne pas manquer :<\/span><\/p>\n<ul>\n<li style=\"font-weight: 400\"><b>Mosqu\u00e9e Et\u2019hem Bey<\/b><span style=\"font-weight: 400\"> \u2013 superbe exemple d\u2019architecture ottomane<\/span><span style=\"font-weight: 400\"><br \/>\n<\/span><\/li>\n<li style=\"font-weight: 400\"><b>Tour de l\u2019Horloge<\/b><span style=\"font-weight: 400\"> \u2013 panorama sur la ville<\/span><span style=\"font-weight: 400\"><br \/>\n<\/span><\/li>\n<li style=\"font-weight: 400\"><b>Mus\u00e9e Historique National<\/b><span style=\"font-weight: 400\"> \u2013 avec sa mosa\u00efque monumentale en fa\u00e7ade<\/span><span style=\"font-weight: 400\"><br \/>\n<\/span><\/li>\n<li style=\"font-weight: 400\"><span style=\"font-weight: 400\">Espaces pi\u00e9tons, fontaines et zones vertes<\/span><span style=\"font-weight: 400\"><br \/>\n<\/span><\/li>\n<li style=\"font-weight: 400\"><span style=\"font-weight: 400\">Terrasses conviviales pour d\u00e9guster un authentique macchiato<\/span><span style=\"font-weight: 400\"><br \/>\n<\/span><\/li>\n<\/ul>\n<h4><b>2. Bunk\u2019Art : un voyage dans l\u2019histoire communiste<\/b><\/h4>\n<p><span style=\"font-weight: 400\">Impossible de visiter Tirana sans d\u00e9couvrir <\/span><b>Bunk\u2019Art<\/b><span style=\"font-weight: 400\">, une ancienne base nucl\u00e9aire transform\u00e9e en <\/span><b>mus\u00e9e impressionnant<\/b><span style=\"font-weight: 400\"> retra\u00e7ant l\u2019\u00e9poque du r\u00e9gime d\u2019Enver Hoxha. P<\/span><span style=\"font-weight: 400\">lus de <\/span><b>700 000 bunkers<\/b><span style=\"font-weight: 400\"> ont \u00e9t\u00e9 construits durant le communisme, s<\/span><span style=\"font-weight: 400\">oit <\/span><b>un bunker pour quatre habitants<\/b><span style=\"font-weight: 400\"> !<\/span><\/p>\n<p><span style=\"font-weight: 400\">Le site \u00e0 visiter : <\/span><b>Bunk\u2019Art 1<\/b><span style=\"font-weight: 400\"> (\u00e0 la p\u00e9riph\u00e9rie) qui raconte l&rsquo;histoire de l\u2019arm\u00e9e albanaise et de la Guerre froide. Il y a aussi <\/span><b>Bunk\u2019Art 2<\/b><span style=\"font-weight: 400\"> (en centre-ville). Les deux mus\u00e9es offrent un aper\u00e7u saisissant du pass\u00e9 et aident \u00e0 mieux comprendre le Tirana moderne d\u2019aujourd\u2019hui.\u00a0 <\/span>Bunk\u2019Art 1 est le plus grand des deux. Il n\u2019est pas n\u00e9cessaire de visiter les deux.<\/p>\n<div class=\"flex flex-col text-sm pb-25\">\n<article class=\"text-token-text-primary w-full focus:outline-none [--shadow-height:45px] has-data-writing-block:pointer-events-none has-data-writing-block:-mt-(--shadow-height) has-data-writing-block:pt-(--shadow-height) [&amp;:has([data-writing-block])&gt;*]:pointer-events-auto [content-visibility:auto] supports-[content-visibility:auto]:[contain-intrinsic-size:auto_100lvh] scroll-mt-[calc(var(--header-height)+min(200px,max(70px,20svh)))]\" dir=\"auto\" data-turn-id=\"56a1a6de-06b0-42b6-af88-472c5310dd9f\" data-testid=\"conversation-turn-2\" data-scroll-anchor=\"true\" data-turn=\"assistant\">\n<div class=\"text-base my-auto mx-auto pb-10 [--thread-content-margin:--spacing(4)] @w-sm\/main:[--thread-content-margin:--spacing(6)] @w-lg\/main:[--thread-content-margin:--spacing(16)] px-(--thread-content-margin)\">\n<div class=\"[--thread-content-max-width:40rem] @w-lg\/main:[--thread-content-max-width:48rem] mx-auto max-w-(--thread-content-max-width) flex-1 group\/turn-messages focus-visible:outline-hidden relative flex w-full min-w-0 flex-col agent-turn\"><\/div>\n<\/div>\n<\/article>\n<\/div>\n<h4>3. <b>Le Grand Park et son lac artificiel<\/b><\/h4>\n<p><span style=\"font-weight: 400\">Pour souffler un peu, direction le <\/span><b>Grand Park (Parku i Madh)<\/b><span style=\"font-weight: 400\">, v\u00e9ritable poumon vert de la ville.<\/span><\/p>\n<p><span style=\"font-weight: 400\">\u00c0 faire sur place :<\/span><\/p>\n<ul>\n<li style=\"font-weight: 400\"><span style=\"font-weight: 400\">Pique-niquer avec les familles locales<\/span><span style=\"font-weight: 400\"><br \/>\n<\/span><\/li>\n<li style=\"font-weight: 400\"><span style=\"font-weight: 400\">Faire du jogging ou une promenade autour du lac<\/span><span style=\"font-weight: 400\"><br \/>\n<\/span><\/li>\n<li style=\"font-weight: 400\"><span style=\"font-weight: 400\">Louer un petit bateau<\/span><span style=\"font-weight: 400\"><br \/>\n<\/span><\/li>\n<li style=\"font-weight: 400\"><span style=\"font-weight: 400\">Visiter le <\/span><b>Cimeti\u00e8re des Martyrs<\/b><span style=\"font-weight: 400\"> pour une vue imprenable<\/span><span style=\"font-weight: 400\"><br \/>\n<\/span><\/li>\n<li style=\"font-weight: 400\"><span style=\"font-weight: 400\">Go\u00fbter une <\/span><b>byrek<\/b><span style=\"font-weight: 400\"> dans un caf\u00e9 ombrag\u00e9<\/span><\/li>\n<\/ul><\/div>\n\t                <\/div>\n            <\/div>\n        <\/div>\n    <\/div>\n<\/div>\n\n\n<div class=\" tb-cta-banner tb-block align-left background-light pattern-none variant-none tb-collapsible-margins\" id=\"cta-banner-1\">\n    <div class=\"inner-block\">\n        <a href=\"http:\/\/albanianomads.com\/fr\/\" class=\"tb-cta-banner__link\" target=\"_blank\" title=\"\">\n            <div class=\"icon\"><i class=\"fa-solid fa-arrow-right\"><\/i><\/div>\n            <div class=\"text-part\">\n                                    <strong>Tirana n\u2019est que le d\u00e9but.<\/strong>\n                                                    <span>D\u00e9couvrez tous les incontournables lors d\u2019un road trip de 7 jours avec Albania Nomads &#8211; tout est d\u00e9j\u00e0 organis\u00e9 pour vous.<\/span>\n                            <\/div>\n        <\/a>\n    <\/div>\n<\/div>\n\n\n<div class=\" tb-simple-gallery tb-block align-center background-light pattern-none variant-2-vertical-1-horizontal tb-collapsible-margins\" id=\"simple-gallery\">\n\t\t\t<div class=\"tb-simple-gallery__images\">\n\t\t\t\t\t\t\t\t\t\t\t\t\t\t\t\t\t\t\t\t\t\t<div class=\"tb-simple-gallery__image tb-simple-gallery__image--vertical\">\n\t\t\t\t\t\t<div class=\"tb-image-part\">\n\t\t\t\t\t\t\t<figure>\n\t\t\t\t\t\t\t\t<img src='https:\/\/albn.travelblox.eu\/wp-content\/uploads\/sites\/115\/2025\/12\/SiliquiniLaura-Travelbase-AlbaniaNomads-LR20250727-3192.jpg' width='1365' height='2048' loading='lazy'>\t\t\t\t\t\t\t\t\t\t\t\t\t\t\t<\/figure>\n\t\t\t\t\t\t<\/div>\n\t\t\t\t\t<\/div>\n\t\t\t\t\t\t\t\t\t\t\t\t\t\t\t\t\t\t\t<div class=\"tb-simple-gallery__image tb-simple-gallery__image--vertical\">\n\t\t\t\t\t\t<div class=\"tb-image-part\">\n\t\t\t\t\t\t\t<figure>\n\t\t\t\t\t\t\t\t<img src='https:\/\/albn.travelblox.eu\/wp-content\/uploads\/sites\/115\/2025\/12\/istockphoto-1170566529-1024x1024-1.jpg' width='1024' height='682' alt='Tirana Albanie' style='object-position:50% 50%' loading='lazy'>\t\t\t\t\t\t\t\t\t\t\t\t\t\t\t<\/figure>\n\t\t\t\t\t\t<\/div>\n\t\t\t\t\t<\/div>\n\t\t\t\t\t\t\t\t\t\t\t\t<\/div>\n\t<\/div>\n\n\n<div class=\" tb-wysiwyg tb-block align-left background-light pattern-none variant-none tb-collapsible-margins\" id=\"wysiwyg-4\">\n    <div class=\"inner-block\">\n        <div class=\"tb-wysiwyg__inner \">\n            <div class=\"inner-block\">\n                                <div class=\"text-part wysiwyg\">\n                                            <h2>O\u00f9 manger et sortir \u00e0 Tirana<\/h2>                                                                \t\t<div class=\"translation-block\"><h4><b>Une cuisine aux influences m\u00e9diterran\u00e9ennes et balkaniques<\/b><\/h4>\n<p><span style=\"font-weight: 400\">La gastronomie albanaise est g\u00e9n\u00e9reuse, savoureuse et vari\u00e9e. \u00c0 Tirana, vous trouverez aussi bien des <\/span><b>restaurants traditionnels<\/b><span style=\"font-weight: 400\"> que des adresses modernes aux touches internationales.<\/span><\/p>\n<p><span style=\"font-weight: 400\">Plats \u00e0 go\u00fbter absolument :<\/span><\/p>\n<ul>\n<li style=\"font-weight: 400\"><b>Qofte<\/b><span style=\"font-weight: 400\"> \u2013 boulettes de viande assaisonn\u00e9es<\/span><span style=\"font-weight: 400\"><br \/>\n<\/span><\/li>\n<li style=\"font-weight: 400\"><b>Tav\u00eb kosi<\/b><span style=\"font-weight: 400\"> \u2013 gratin d\u2019agneau au yaourt<\/span><span style=\"font-weight: 400\"><br \/>\n<\/span><\/li>\n<li style=\"font-weight: 400\"><b>Byrek<\/b><span style=\"font-weight: 400\"> \u2013 feuillet\u00e9 sal\u00e9 farci<\/span><span style=\"font-weight: 400\"><br \/>\n<\/span><\/li>\n<li style=\"font-weight: 400\"><b>F\u00ebrges\u00eb<\/b><span style=\"font-weight: 400\"> \u2013 rago\u00fbt de poivrons, fromage et tomates<\/span><span style=\"font-weight: 400\"><br \/>\n<\/span><\/li>\n<li style=\"font-weight: 400\"><b>Poissons et fruits de mer frais<\/b><span style=\"font-weight: 400\">, livr\u00e9s chaque jour depuis la c\u00f4te<\/span><span style=\"font-weight: 400\"><br \/>\n<\/span><\/li>\n<\/ul>\n<p><b>\u00c0 ne pas manquer : le march\u00e9 Pazari i Ri<\/b><span style=\"font-weight: 400\">, r\u00e9cemment r\u00e9nov\u00e9. C\u2019est un lieu anim\u00e9 o\u00f9 se m\u00ealent produits locaux, \u00e9tals color\u00e9s et petits restos authentiques. En soir\u00e9e, le quartier s\u2019illumine et devient l\u2019un des spots les plus vivants de Tirana.<\/span><\/p>\n<h4><b>Le quartier Blloku : bars, rooftops et ambiance branch\u00e9e<\/b><\/h4>\n<p><span style=\"font-weight: 400\">Autrefois r\u00e9serv\u00e9 \u00e0 l\u2019\u00e9lite communiste, <\/span><b>Blloku<\/b><span style=\"font-weight: 400\"> est aujourd\u2019hui le quartier le plus anim\u00e9 de la capitale.<\/span><\/p>\n<p><span style=\"font-weight: 400\">\u00c0 d\u00e9couvrir :<\/span><\/p>\n<ul>\n<li style=\"font-weight: 400\"><span style=\"font-weight: 400\">Bars \u00e0 vin cosy proposant des crus albanais<\/span><span style=\"font-weight: 400\"><br \/>\n<\/span><\/li>\n<li style=\"font-weight: 400\"><span style=\"font-weight: 400\">Clubs o\u00f9 l\u2019on danse jusqu\u2019\u00e0 l\u2019aube<\/span><span style=\"font-weight: 400\"><br \/>\n<\/span><\/li>\n<li style=\"font-weight: 400\"><span style=\"font-weight: 400\">Bars \u00e0 cocktails modernes<\/span><span style=\"font-weight: 400\"><br \/>\n<\/span><\/li>\n<li style=\"font-weight: 400\"><span style=\"font-weight: 400\">Terrasses id\u00e9ales pour observer la vie locale<\/span><span style=\"font-weight: 400\"><br \/>\n<\/span><\/li>\n<\/ul>\n<p>Nos rooftops pr\u00e9f\u00e9r\u00e9s :<\/p>\n<ul>\n<li style=\"font-weight: 400\"><b>Sky Club<\/b><span style=\"font-weight: 400\"> \u2013 vue spectaculaire sur la ville<\/span><span style=\"font-weight: 400\"><br \/>\n<\/span><\/li>\n<li style=\"font-weight: 400\"><b>Radio Bar<\/b><span style=\"font-weight: 400\"> \u2013 parfait pour un coucher de soleil avec un cocktail \u00e0 la main<\/span><span style=\"font-weight: 400\"><br \/>\n<\/span><\/li>\n<\/ul><\/div>\n\t                <\/div>\n            <\/div>\n        <\/div>\n    <\/div>\n<\/div>\n\n\n<div class=\" tb-wysiwyg tb-block align-left background-light pattern-none variant-none tb-collapsible-margins\" id=\"wysiwyg-5\">\n    <div class=\"inner-block\">\n        <div class=\"tb-wysiwyg__inner \">\n            <div class=\"inner-block\">\n                                <div class=\"text-part wysiwyg\">\n                                            <h2>Quand partir \u00e0 Tirana ?<\/h2>                                                                \t\t<div class=\"translation-block\"><div class=\"flex flex-col text-sm pb-25\">\n<article class=\"text-token-text-primary w-full focus:outline-none [--shadow-height:45px] has-data-writing-block:pointer-events-none has-data-writing-block:-mt-(--shadow-height) has-data-writing-block:pt-(--shadow-height) [&amp;:has([data-writing-block])&gt;*]:pointer-events-auto scroll-mt-[calc(var(--header-height)+min(200px,max(70px,20svh)))]\" dir=\"auto\" data-turn-id=\"request-WEB:c05a4a0c-e888-4cef-9cbd-81231a6c7c94-5\" data-testid=\"conversation-turn-12\" data-scroll-anchor=\"true\" data-turn=\"assistant\">\n<div class=\"text-base my-auto mx-auto pb-10 [--thread-content-margin:--spacing(4)] @w-sm\/main:[--thread-content-margin:--spacing(6)] @w-lg\/main:[--thread-content-margin:--spacing(16)] px-(--thread-content-margin)\">\n<div class=\"[--thread-content-max-width:40rem] @w-lg\/main:[--thread-content-max-width:48rem] mx-auto max-w-(--thread-content-max-width) flex-1 group\/turn-messages focus-visible:outline-hidden relative flex w-full min-w-0 flex-col agent-turn\">\n<div class=\"flex max-w-full flex-col grow\">\n<div class=\"min-h-8 text-message relative flex w-full flex-col items-end gap-2 text-start break-words whitespace-normal [.text-message+&amp;]:mt-1\" dir=\"auto\" data-message-author-role=\"assistant\" data-message-id=\"e391c974-fa1e-4f3e-8d7b-41bb4e7044d7\" data-message-model-slug=\"gpt-5-2\">\n<div class=\"flex w-full flex-col gap-1 empty:hidden first:pt-[1px]\">\n<div class=\"markdown prose dark:prose-invert w-full break-words light markdown-new-styling\">\n<p data-start=\"0\" data-end=\"319\" data-is-last-node=\"\" data-is-only-node=\"\"><strong>L\u2019Albanie r\u00e9v\u00e8le ses plus beaux atouts durant l\u2019\u00e9t\u00e9<\/strong>, quand tout le pays s\u2019anime et que chaque r\u00e9gion d\u00e9voile sa personnalit\u00e9 unique. Imaginez-vous d\u00e9couvrir des plages cristallines le matin, puis contempler des sommets l\u2019apr\u00e8s-midi, le tout sous un soleil g\u00e9n\u00e9reux qui \u00e9claire les paysages d\u2019Albanie durant 14 heures par jour !<\/p>\n<\/div>\n<\/div>\n<\/div>\n<\/div>\n<\/div>\n<\/div>\n<\/article>\n<\/div><\/div>\n\t                <\/div>\n            <\/div>\n        <\/div>\n    <\/div>\n<\/div>\n\n\n<div class=\" tb-cta-banner tb-block align-left background-light pattern-none variant-none tb-collapsible-margins\" id=\"cta-banner-2\">\n    <div class=\"inner-block\">\n        <a href=\"https:\/\/albanianomads.com\/fr\/quand-partir-en-albanie-le-guide-pour-choisir-la-periode-parfaite\/\" class=\"tb-cta-banner__link\" target=\"_blank\" title=\"\">\n            <div class=\"icon\"><i class=\"fa-solid fa-arrow-right\"><\/i><\/div>\n            <div class=\"text-part\">\n                                    <strong>C\u2019est durant l&rsquo;\u00e9t\u00e9 que notre circuit Albania Nomads\u00a0r\u00e9v\u00e8lent tous ses secrets.<\/strong>\n                                                    <span>En savoir plus sur le climat \u2192<\/span>\n                            <\/div>\n        <\/a>\n    <\/div>\n<\/div>\n\n\n<div class=\" tb-image tb-block align-none background-light pattern-none variant-none\" id=\"image-2\">\n\t<figure>\n\t\t\t\t<img src='https:\/\/albn.travelblox.eu\/wp-content\/uploads\/sites\/115\/2025\/10\/SiliquiniLaura-Travelbase-AlbaniaNomads20250725-2.jpg' width='2048' height='1534' alt='Voyage en Albanie : road trip de 7 jours en Albanie' style='object-position:50% 50%' loading='lazy'>\t\t\t\t\t<\/figure>\n<\/div>\n\n\n<div class=\" tb-wysiwyg tb-block align-left background-light pattern-none variant-none tb-collapsible-margins\" id=\"wysiwyg-6\">\n    <div class=\"inner-block\">\n        <div class=\"tb-wysiwyg__inner \">\n            <div class=\"inner-block\">\n                                <div class=\"text-part wysiwyg\">\n                                            <h2>Tirana, point de d\u00e9part id\u00e9al pour explorer l\u2019Albanie<\/h2>                                                                \t\t<div class=\"translation-block\"><p><span style=\"font-weight: 400\">La capitale albanaise vous attend avec ses <\/span><b>rues color\u00e9es, son \u00e9nergie contagieuse et son hospitalit\u00e9 chaleureuse<\/b><span style=\"font-weight: 400\">. Que vous soyez amateur de culture, passionn\u00e9 d\u2019histoire ou simplement en qu\u00eate d\u2019une exp\u00e9rience authentique, <\/span><b>Tirana saura vous s\u00e9duire<\/b><span style=\"font-weight: 400\"> et marquera le point de d\u00e9part parfait de votre voyage en Albanie.<\/span><\/p>\n<p><span style=\"font-weight: 400\">Avec <\/span><b>Albania Nomads<\/b><span style=\"font-weight: 400\">, partez pour un <\/span><a href=\"https:\/\/albanianomads.com\/fr\/\" target=\"_blank\" rel=\"noopener\"><b>road trip complet \u00e0 travers l\u2019Albanie<\/b><\/a><span style=\"font-weight: 400\">, sans souci logistique \u2013 Tirana n\u2019est que le d\u00e9but d\u2019une aventure inoubliable. <\/span>D\u2019autres incontournables que vous d\u00e9couvrirez en 7 jours : Berat, Gjirokast\u00ebr, L&rsquo;Oeil Bleu et bien plus encore !<\/p><\/div>\n\t                <\/div>\n            <\/div>\n        <\/div>\n    <\/div>\n<\/div>\n\n\n<div class=\" tb-cta-banner tb-block align-left background-light pattern-none variant-none tb-collapsible-margins\" id=\"cta-banner-3\">\n    <div class=\"inner-block\">\n        <a href=\"http:\/\/albanianomads.com\/fr\/#route\" class=\"tb-cta-banner__link\" target=\"_blank\" title=\"\">\n            <div class=\"icon\"><i class=\"fa-solid fa-arrow-right\"><\/i><\/div>\n            <div class=\"text-part\">\n                                    <strong>D\u00e9couvrir le circuit Albania Nomads<\/strong>\n                                                    <span>Un itin\u00e9raire complet d&rsquo;une semaine en Albanie entre plages, montagnes et villages traditionnels<\/span>\n                            <\/div>\n        <\/a>\n    <\/div>\n<\/div>","protected":false},"excerpt":{"rendered":"","protected":false},"author":130,"featured_media":1050,"comment_status":"closed","ping_status":"closed","sticky":false,"template":"","format":"standard","meta":{"_acf_changed":false,"inline_featured_image":false,"footnotes":""},"class_list":["post-1017","post","type-post","status-publish","format-standard","has-post-thumbnail","hentry","team-member-julie-albania-nomads","blog-category-highlights"],"acf":[],"_links":{"self":[{"href":"https:\/\/albn.travelblox.eu\/fr\/wp-json\/wp\/v2\/posts\/1017","targetHints":{"allow":["GET"]}}],"collection":[{"href":"https:\/\/albn.travelblox.eu\/fr\/wp-json\/wp\/v2\/posts"}],"about":[{"href":"https:\/\/albn.travelblox.eu\/fr\/wp-json\/wp\/v2\/types\/post"}],"author":[{"embeddable":true,"href":"https:\/\/albn.travelblox.eu\/fr\/wp-json\/wp\/v2\/users\/130"}],"replies":[{"embeddable":true,"href":"https:\/\/albn.travelblox.eu\/fr\/wp-json\/wp\/v2\/comments?post=1017"}],"version-history":[{"count":37,"href":"https:\/\/albn.travelblox.eu\/fr\/wp-json\/wp\/v2\/posts\/1017\/revisions"}],"predecessor-version":[{"id":1076,"href":"https:\/\/albn.travelblox.eu\/fr\/wp-json\/wp\/v2\/posts\/1017\/revisions\/1076"}],"wp:featuredmedia":[{"embeddable":true,"href":"https:\/\/albn.travelblox.eu\/fr\/wp-json\/wp\/v2\/media\/1050"}],"wp:attachment":[{"href":"https:\/\/albn.travelblox.eu\/fr\/wp-json\/wp\/v2\/media?parent=1017"}],"curies":[{"name":"wp","href":"https:\/\/api.w.org\/{rel}","templated":true}]}}